{"id":30954,"date":"2019-03-28T19:44:20","date_gmt":"2019-03-28T18:44:20","guid":{"rendered":"http:\/\/www.messinaoggi.it\/website\/?p=30954"},"modified":"2019-03-28T19:44:20","modified_gmt":"2019-03-28T18:44:20","slug":"al-clan-off-teatro-lo-spettacolo-a-testa-sutta-di-luana-rondinelli","status":"publish","type":"post","link":"https:\/\/www.messinaoggi.it\/website\/2019\/03\/28\/al-clan-off-teatro-lo-spettacolo-a-testa-sutta-di-luana-rondinelli\/","title":{"rendered":"Al Clan Off Teatro lo spettacolo &quot;A testa sutta&quot; di Luana Rondinelli"},"content":{"rendered":"<p>Torna sul palco del Clan Off Teatro l\u2019artista Luana Rondinelli, autrice e interprete dello spettacolo dal titolo \u201cA testa sutta\u201d in scena sabato alle ore 18.30 ed alle 21.30 e domenica alle ore 18.30..<br \/>\n\u201cA testa sutta\u201d \u00e8 il primo testo di Luana Rondinelli (fresca vincitrice del premio Anima mundi, conferitole al Piccolo teatro di Milano) che vede protagonista una figura maschile, sino ad ora assente nei testi precedenti dell\u2019autrice ovvero \u201cTaddrarite\u201d e \u201cGiacominazza\u201d gi\u00e0 applauditi al Clan Off Teatro nelle passate stagioni. Anche per \u201cA testa sutta\u201d per\u00f2 Luana Rondinelli sceglie come palcoscenico privilegiato in cui inserire la narrazione la Sicilia ed il siciliano \u00e8 la lingua della scena.<br \/>\nDiretta \u00a0ed interpretata \u00a0da Giovanni Carta la pi\u00e8ce racconta la storia di \u00a0Giovanni, ragazzo buono e \u00a0indifeso, Giovanni \u00e8 l&#8217;ombra di un cugino che lo difende, lo ama, e non lo fa sentire diverso, perch\u00e9 l\u2019unica diversit\u00e0 che vede \u00e8 che Giovanni \u00e8 \u00abbiondo con gli occhi azzurri mentre lui \u00e8 nero con gli occhi neri\u00bb. Giovanni racconta, racconta dei giochi da bambino, della conta del nascondino (ammuccia ammuccia), che termina sempre prima, perch\u00e9 fa paura girarsi e non trovare nessuno. Giovanni racconta della gente, di una zona sbiadita di una Palermo che non accetta gli \u201cindifesi\u201d, perch\u00e9 se non sei capace a lottare \u00e8 meglio non esserci e ci accompagna a guardare a testa sutta un mondo che acquista un significato pi\u00f9 importante. Un dualismo perfetto tra due cugini, i piedi e la testa, la testa e i piedi: un gioco che se lo si fa in due non si cade mai, anche se all\u2019improvviso si perde l\u2019equilibrio\u2026<br \/>\nIl paesaggio \u00e8 quello delle palazzine popolari, velenose come alveari e fitte di complice vivacit\u00e0, che si snodano nel chiasso dei bambini di strada fino a raccontarci di due personaggi opposti ma complementari: u biunnu, bambino affetto dal \u201ccandore del cuore\u201d e suo cugino, il mafiosetto del quartiere, che si \u00e8 fatto carico della sua fragilit\u00e0.<br \/>\nSul palco due mondi che camminano paralleli e in contrasto tra loro, intimamente legati, per dare vita ad una storia che emozioner\u00e0 il pubblico fino alle lacrime.<div id=\"div-gpt-ad-Messinaoggi.it-DSK-300x250-corpoart\" style=\"text-align:center;margin:0 auto;\"><\/div><\/p>\n<div id=\"videoincontent\" style=\"clear:both\";><\/div>","protected":false},"excerpt":{"rendered":"<p>Torna sul palco del Clan Off Teatro l\u2019artista Luana Rondinelli, autrice e interprete dello spettacolo dal titolo \u201cA testa sutta\u201d in scena sabato alle ore 18.30 ed alle 21.30 e domenica alle ore 18.30.. \u201cA testa sutta\u201d \u00e8 il primo testo di Luana Rondinelli (fresca vincitrice del premio Anima mundi, conferitole al Piccolo teatro di [&hellip;]<\/p>\n","protected":false},"author":5,"featured_media":30955,"comment_status":"closed","ping_status":"open","sticky":false,"template":"","format":"standard","meta":{"ub_ctt_via":"","_mi_skip_tracking":false},"categories":[17],"tags":[],"featured_image_src":"https:\/\/www.messinaoggi.it\/website\/wp-content\/uploads\/2019\/03\/Giovanni-Carta-A-testa-sutta.jpg","author_info":{"display_name":"Maria Antonella Saia","author_link":"https:\/\/www.messinaoggi.it\/website\/author\/m-saia\/"},"digistream_id":0,"digistream":false,"_links":{"self":[{"href":"https:\/\/www.messinaoggi.it\/website\/wp-json\/wp\/v2\/posts\/30954"}],"collection":[{"href":"https:\/\/www.messinaoggi.it\/website\/wp-json\/wp\/v2\/posts"}],"about":[{"href":"https:\/\/www.messinaoggi.it\/website\/wp-json\/wp\/v2\/types\/post"}],"author":[{"embeddable":true,"href":"https:\/\/www.messinaoggi.it\/website\/wp-json\/wp\/v2\/users\/5"}],"replies":[{"embeddable":true,"href":"https:\/\/www.messinaoggi.it\/website\/wp-json\/wp\/v2\/comments?post=30954"}],"version-history":[{"count":0,"href":"https:\/\/www.messinaoggi.it\/website\/wp-json\/wp\/v2\/posts\/30954\/revisions"}],"wp:featuredmedia":[{"embeddable":true,"href":"https:\/\/www.messinaoggi.it\/website\/wp-json\/wp\/v2\/media\/30955"}],"wp:attachment":[{"href":"https:\/\/www.messinaoggi.it\/website\/wp-json\/wp\/v2\/media?parent=30954"}],"wp:term":[{"taxonomy":"category","embeddable":true,"href":"https:\/\/www.messinaoggi.it\/website\/wp-json\/wp\/v2\/categories?post=30954"},{"taxonomy":"post_tag","embeddable":true,"href":"https:\/\/www.messinaoggi.it\/website\/wp-json\/wp\/v2\/tags?post=30954"}],"curies":[{"name":"wp","href":"https:\/\/api.w.org\/{rel}","templated":true}]}}