{"id":30945,"date":"2019-03-28T13:00:24","date_gmt":"2019-03-28T12:00:24","guid":{"rendered":"http:\/\/www.messinaoggi.it\/website\/?p=30945"},"modified":"2019-03-28T13:00:24","modified_gmt":"2019-03-28T12:00:24","slug":"barbagallo-uil-basta-perdite-di-tempo-si-al-ponte-sullo-stretto","status":"publish","type":"post","link":"https:\/\/www.messinaoggi.it\/website\/2019\/03\/28\/barbagallo-uil-basta-perdite-di-tempo-si-al-ponte-sullo-stretto\/","title":{"rendered":"Barbagallo (Uil): &quot;Basta perdite di tempo, s\u00ec al Ponte sullo Stretto&quot;"},"content":{"rendered":"<p>&#8220;Io sono favorevole&#8221; al Ponte sullo stretto di Messina, senza neanche perdere tempo col referendum&#8221;. Lo ha affermato Carmelo Barbagallo, segretario generale della Uil, a margine di una iniziativa del sindacato a Firenze.<br \/>\n&#8220;Cristo si \u00e8 fermato ad Eboli &#8211; ha aggiunto &#8211; l&#8217;Alta velocit\u00e0 a Salerno. Pensiamo di rilanciare l&#8217;economia del Paese lasciando il Mezzogiorno, la parte pi\u00f9 debole, fuori dal nostro contesto?&#8221; Per Barbagallo &#8220;tutte le grandi opere fatte negli anni &#8217;60-&#8217;70 sono scadute. Possono anche cambiar loro la data, come si fa con alcuni prodotti alimentari, ma sono scadute e non possiamo permetterci che l&#8217;unico ponte che non potr\u00e0 cadere sia quello di Messina&#8221;, ha aggiunto dicendo che &#8220;l&#8217;unico ponte che non potra&#8217; cadere e&#8217; quello sullo stretto di Messina perche&#8217; non c&#8217;\u00e8&#8221;.<div id=\"div-gpt-ad-Messinaoggi.it-DSK-300x250-corpoart\" style=\"text-align:center;margin:0 auto;\"><\/div><\/p>\n<div id=\"videoincontent\" style=\"clear:both\";><\/div>","protected":false},"excerpt":{"rendered":"<p>&#8220;Io sono favorevole&#8221; al Ponte sullo stretto di Messina, senza neanche perdere tempo col referendum&#8221;. Lo ha affermato Carmelo Barbagallo, segretario generale della Uil, a margine di una iniziativa del sindacato a Firenze. &#8220;Cristo si \u00e8 fermato ad Eboli &#8211; ha aggiunto &#8211; l&#8217;Alta velocit\u00e0 a Salerno. Pensiamo di rilanciare l&#8217;economia del Paese lasciando il [&hellip;]<\/p>\n","protected":false},"author":15,"featured_media":2254,"comment_status":"closed","ping_status":"open","sticky":false,"template":"","format":"standard","meta":{"ub_ctt_via":"","_mi_skip_tracking":false},"categories":[6],"tags":[],"featured_image_src":"https:\/\/www.messinaoggi.it\/website\/wp-content\/uploads\/2017\/06\/Ponte-Stretto-1-2.jpg","author_info":{"display_name":"red.me","author_link":"https:\/\/www.messinaoggi.it\/website\/author\/red-me\/"},"digistream_id":0,"digistream":false,"_links":{"self":[{"href":"https:\/\/www.messinaoggi.it\/website\/wp-json\/wp\/v2\/posts\/30945"}],"collection":[{"href":"https:\/\/www.messinaoggi.it\/website\/wp-json\/wp\/v2\/posts"}],"about":[{"href":"https:\/\/www.messinaoggi.it\/website\/wp-json\/wp\/v2\/types\/post"}],"author":[{"embeddable":true,"href":"https:\/\/www.messinaoggi.it\/website\/wp-json\/wp\/v2\/users\/15"}],"replies":[{"embeddable":true,"href":"https:\/\/www.messinaoggi.it\/website\/wp-json\/wp\/v2\/comments?post=30945"}],"version-history":[{"count":0,"href":"https:\/\/www.messinaoggi.it\/website\/wp-json\/wp\/v2\/posts\/30945\/revisions"}],"wp:featuredmedia":[{"embeddable":true,"href":"https:\/\/www.messinaoggi.it\/website\/wp-json\/wp\/v2\/media\/2254"}],"wp:attachment":[{"href":"https:\/\/www.messinaoggi.it\/website\/wp-json\/wp\/v2\/media?parent=30945"}],"wp:term":[{"taxonomy":"category","embeddable":true,"href":"https:\/\/www.messinaoggi.it\/website\/wp-json\/wp\/v2\/categories?post=30945"},{"taxonomy":"post_tag","embeddable":true,"href":"https:\/\/www.messinaoggi.it\/website\/wp-json\/wp\/v2\/tags?post=30945"}],"curies":[{"name":"wp","href":"https:\/\/api.w.org\/{rel}","templated":true}]}}