{"id":30936,"date":"2019-03-28T11:58:51","date_gmt":"2019-03-28T10:58:51","guid":{"rendered":"http:\/\/www.messinaoggi.it\/website\/?p=30936"},"modified":"2019-03-28T11:58:51","modified_gmt":"2019-03-28T10:58:51","slug":"teatro-mandanici-aspettando-il-concerto-di-enrico-ruggeri-al-carnet-di-spettacoli-si-aggiunge-il-nome-di-mogol","status":"publish","type":"post","link":"https:\/\/www.messinaoggi.it\/website\/2019\/03\/28\/teatro-mandanici-aspettando-il-concerto-di-enrico-ruggeri-al-carnet-di-spettacoli-si-aggiunge-il-nome-di-mogol\/","title":{"rendered":"Teatro Mandanici: aspettando il concerto di Enrico Ruggeri al carnet di spettacoli si aggiunge il nome di Mogol"},"content":{"rendered":"<p>Mentre fervono i preparativi per \u00a0il concerto di Enrico Ruggeri, che \u00a0sabato 6 aprile alle ore 21.00 salir\u00e0 sul palco del teatro barcellonese per presentare \u00a0al pubblico il suo nuovo album di inediti dal titolo \u201cAlma\u201d, un nuovo evento entra a far parte del carnet di spettacoli del Teatro Mandanici; si tratta dello spettacolo dal titolo \u201cMogol vi racconta\u201d \u00a0in scena sabato 27 aprile alle ore 21.00, \u00a0che si avvale del patrocinio del Comune.<br \/>\nUn viaggio tra parole e musica, tra memorie ed emozioni. \u00a0Il \u00a0paroliere che ha scritto alcune delle canzoni pi\u00f9 belle della storia della musica leggera italiana racconter\u00e0 stralci della sua intensa vita artistica, a partire dal sodalizio con Lucio Battisti per arrivare alle collaborazioni con Adriano Celentano.<br \/>\nAlcuni dei pi\u00f9 grandi successi di Mogol in quello che \u00e8 un vero e proprio spettacolo musicale saranno interpretati dall\u2019artista Sara Ricciardi. Ad accompagnarla saranno Fabrizio Ribaudo alla batteria, Tindaro Raffaele a piano e tastiera, Tommaso Aric\u00f3 al basso, Carmelo Scaffidi alle chitarre (acustica ed elettrica), Gemino Cal\u00e0 al sassofono.<br \/>\nL\u2019evento, organizzato dalla Show Live Eventi di Tindaro Davide Di Perna, sar\u00e0 condotto da Mimmo Mollica.<br \/>\nLa prima parte della Stagione si concluder\u00e0 quindi sabato 18 maggio alle ore 21) con quello che si pu\u00f2 considerare lo spettacolo a cui si guarda con maggiore interesse; vale a dire \u201cD\u2019Artagnan e i Tre Moschettieri\u201d, il musical inedito prodotto dal Teatro Mandanici. Nato per far conoscere al grande pubblico i talenti del territorio, lo spettacolo ha la regia di Sas\u00e0 Neri, direttore del laboratorio multidisciplinare di Barcellona Pozzo di Gotto che entra ora nella fase di allestimento e va intensificando il calendario di prove.<br \/>\nMa non \u00e8 tutto. \u00c8 gi\u00e0 in prevendita l\u2019appuntamento clou della seconda parte della Stagione 2019, \u201cLa tempesta\u201d di William Shakespeare per la regia di Roberto And\u00f2, in cartellone il 29 novembre (ore 21). Sul\u00a0 palco Renato Carpentieri (Prospero), Giulia And\u00f2 (Miranda), Filippo Luna (Ariel), Vincenzo Pirrotta (Calibano), Paolo Briguglia (Ferdinando), Fabrizio Falco (Gonzalo, Iris), Paride Benassai (Trinculo, Antonio), Gaetano Bruno (Stefano, Alonzo).<br \/>\nSul palcoscenico la vita scorre in tutte le sue infinite sfumature.<div id=\"div-gpt-ad-Messinaoggi.it-DSK-300x250-corpoart\" style=\"text-align:center;margin:0 auto;\"><\/div><\/p>\n<div id=\"videoincontent\" style=\"clear:both\";><\/div>","protected":false},"excerpt":{"rendered":"<p>Mentre fervono i preparativi per \u00a0il concerto di Enrico Ruggeri, che \u00a0sabato 6 aprile alle ore 21.00 salir\u00e0 sul palco del teatro barcellonese per presentare \u00a0al pubblico il suo nuovo album di inediti dal titolo \u201cAlma\u201d, un nuovo evento entra a far parte del carnet di spettacoli del Teatro Mandanici; si tratta dello spettacolo dal [&hellip;]<\/p>\n","protected":false},"author":5,"featured_media":544,"comment_status":"closed","ping_status":"open","sticky":false,"template":"","format":"standard","meta":{"ub_ctt_via":"","_mi_skip_tracking":false},"categories":[17],"tags":[],"featured_image_src":"https:\/\/www.messinaoggi.it\/website\/wp-content\/uploads\/2017\/05\/teatro_mandanici_barcellona-750x400-3.jpg","author_info":{"display_name":"Maria Antonella Saia","author_link":"https:\/\/www.messinaoggi.it\/website\/author\/m-saia\/"},"digistream_id":0,"digistream":false,"_links":{"self":[{"href":"https:\/\/www.messinaoggi.it\/website\/wp-json\/wp\/v2\/posts\/30936"}],"collection":[{"href":"https:\/\/www.messinaoggi.it\/website\/wp-json\/wp\/v2\/posts"}],"about":[{"href":"https:\/\/www.messinaoggi.it\/website\/wp-json\/wp\/v2\/types\/post"}],"author":[{"embeddable":true,"href":"https:\/\/www.messinaoggi.it\/website\/wp-json\/wp\/v2\/users\/5"}],"replies":[{"embeddable":true,"href":"https:\/\/www.messinaoggi.it\/website\/wp-json\/wp\/v2\/comments?post=30936"}],"version-history":[{"count":0,"href":"https:\/\/www.messinaoggi.it\/website\/wp-json\/wp\/v2\/posts\/30936\/revisions"}],"wp:featuredmedia":[{"embeddable":true,"href":"https:\/\/www.messinaoggi.it\/website\/wp-json\/wp\/v2\/media\/544"}],"wp:attachment":[{"href":"https:\/\/www.messinaoggi.it\/website\/wp-json\/wp\/v2\/media?parent=30936"}],"wp:term":[{"taxonomy":"category","embeddable":true,"href":"https:\/\/www.messinaoggi.it\/website\/wp-json\/wp\/v2\/categories?post=30936"},{"taxonomy":"post_tag","embeddable":true,"href":"https:\/\/www.messinaoggi.it\/website\/wp-json\/wp\/v2\/tags?post=30936"}],"curies":[{"name":"wp","href":"https:\/\/api.w.org\/{rel}","templated":true}]}}