{"id":30928,"date":"2019-03-28T10:08:04","date_gmt":"2019-03-28T09:08:04","guid":{"rendered":"http:\/\/www.messinaoggi.it\/website\/?p=30928"},"modified":"2019-03-28T10:08:04","modified_gmt":"2019-03-28T09:08:04","slug":"lars-boccia-norma-sulle-quote-rosa","status":"publish","type":"post","link":"https:\/\/www.messinaoggi.it\/website\/2019\/03\/28\/lars-boccia-norma-sulle-quote-rosa\/","title":{"rendered":"L&#039;Ars boccia norma sulle quote rosa"},"content":{"rendered":"<p><span style=\"font-family: Arial, sans-serif\"><span style=\"font-size: medium\"><span lang=\"it-IT\">Bocciata. Grazie a un apposito emendamento avanzato dal Movimento 5 Stelle, sono state soppresse le quote rosa nell&#8217;ambito della legge<\/span><span style=\"color: #000000\"><span lang=\"it-IT\"> regionale <\/span><\/span><span style=\"color: #000000\"><span lang=\"it-IT\">in materia di composizione della giunta comunale. L&#8217;emendamento in questione \u00e8 stato approvato con voto segreto con 26 s\u00ec e 16 no, consacrando di fatto la sconfitta dell&#8217;esecutivo regionale nel parlamento siciliano. In ogni caso, \u00e8 stata approvata il resto della legge, che introdurr\u00e0 una serie di modifiche oltre che in materia di composizione della giunta comunale, anche di<\/span><\/span><span lang=\"it-IT\"> incompatibilit\u00e0 tra la carica di consigliere comunale e quella di assessore comunale.<\/span><\/span><\/span><br \/>\n<span style=\"font-family: Arial, sans-serif\"><span style=\"font-size: medium\"><span lang=\"it-IT\">Una decisione quella presa dall&#8217;Ars che ha suscitato i malumori oltre che della compagine di governo, messa di fatto in minoranza, anche di quella parte di opposizione che aveva a cuore l&#8217;introduzione di una norma di questo tipo: \u201c<em>Con l&#8217;emendamento del M5S approvato dall&#8217;aula \u00e8 saltato l&#8217;obbligo di garantire il 40 per cento di presenza delle donne nelle giunte comunali. &#8211; ha esordito il Presidente dell&#8217;Antimafia regionale Claudio Fava<\/em> &#8211;<em> \u00c8 stata cos\u00ec affossata una norma di civilt\u00e0 politica e di buon senso, peraltro gi\u00e0 prevista dalla legge nazionale. Un&#8217;altra occasione perduta per la Sicilia grazie a un accordo trasversale fra destra e una parte dell&#8217;opposizione<\/em>&#8220;.<\/span><\/span><\/span><br \/>\n<span style=\"color: #000000\">\u201c<\/span><em><span style=\"color: #000000\"><span style=\"font-family: Arial, sans-serif\"><span style=\"font-size: medium\"><span lang=\"it-IT\">Una brutta pagina quella scritta oggi: un emendamento dei 5 Stelle ha proibito la rappresentanza delle donne nelle giunte comunali<\/span><\/span><\/span><\/span><\/em><span style=\"color: #000000\"><span style=\"font-family: Arial, sans-serif\"><span style=\"font-size: medium\"><span lang=\"it-IT\">\u201c<\/span><\/span><\/span><\/span><span style=\"color: #000000\"><span style=\"font-family: Arial, sans-serif\"><span style=\"font-size: medium\"><span lang=\"it-IT\">, dichiara al riguardo con fare amareggiato il Presidente dell&#8217;Ars, Gianfranco Miccich\u00e9.<\/span><\/span><\/span><\/span><div id=\"div-gpt-ad-Messinaoggi.it-DSK-300x250-corpoart\" style=\"text-align:center;margin:0 auto;\"><\/div><\/p>\n<div id=\"videoincontent\" style=\"clear:both\";><\/div>","protected":false},"excerpt":{"rendered":"<p>Bocciata. Grazie a un apposito emendamento avanzato dal Movimento 5 Stelle, sono state soppresse le quote rosa nell&#8217;ambito della legge regionale in materia di composizione della giunta comunale. L&#8217;emendamento in questione \u00e8 stato approvato con voto segreto con 26 s\u00ec e 16 no, consacrando di fatto la sconfitta dell&#8217;esecutivo regionale nel parlamento siciliano. In ogni [&hellip;]<\/p>\n","protected":false},"author":8,"featured_media":12060,"comment_status":"closed","ping_status":"open","sticky":false,"template":"","format":"standard","meta":{"ub_ctt_via":"","_mi_skip_tracking":false},"categories":[11],"tags":[],"featured_image_src":"https:\/\/www.messinaoggi.it\/website\/wp-content\/uploads\/2017\/11\/palazzo-dei-normanni-sede-Ars-Palermo-messinaoggiMR.jpg","author_info":{"display_name":"red..me","author_link":"https:\/\/www.messinaoggi.it\/website\/author\/redstage\/"},"digistream_id":0,"digistream":false,"_links":{"self":[{"href":"https:\/\/www.messinaoggi.it\/website\/wp-json\/wp\/v2\/posts\/30928"}],"collection":[{"href":"https:\/\/www.messinaoggi.it\/website\/wp-json\/wp\/v2\/posts"}],"about":[{"href":"https:\/\/www.messinaoggi.it\/website\/wp-json\/wp\/v2\/types\/post"}],"author":[{"embeddable":true,"href":"https:\/\/www.messinaoggi.it\/website\/wp-json\/wp\/v2\/users\/8"}],"replies":[{"embeddable":true,"href":"https:\/\/www.messinaoggi.it\/website\/wp-json\/wp\/v2\/comments?post=30928"}],"version-history":[{"count":0,"href":"https:\/\/www.messinaoggi.it\/website\/wp-json\/wp\/v2\/posts\/30928\/revisions"}],"wp:featuredmedia":[{"embeddable":true,"href":"https:\/\/www.messinaoggi.it\/website\/wp-json\/wp\/v2\/media\/12060"}],"wp:attachment":[{"href":"https:\/\/www.messinaoggi.it\/website\/wp-json\/wp\/v2\/media?parent=30928"}],"wp:term":[{"taxonomy":"category","embeddable":true,"href":"https:\/\/www.messinaoggi.it\/website\/wp-json\/wp\/v2\/categories?post=30928"},{"taxonomy":"post_tag","embeddable":true,"href":"https:\/\/www.messinaoggi.it\/website\/wp-json\/wp\/v2\/tags?post=30928"}],"curies":[{"name":"wp","href":"https:\/\/api.w.org\/{rel}","templated":true}]}}