{"id":30923,"date":"2019-03-28T09:22:16","date_gmt":"2019-03-28T08:22:16","guid":{"rendered":"http:\/\/www.messinaoggi.it\/website\/?p=30923"},"modified":"2019-03-28T09:22:16","modified_gmt":"2019-03-28T08:22:16","slug":"accademia-peloritana-dei-pericolanti-inaugurato-a-a-in-presenza-di-massimo-cacciari","status":"publish","type":"post","link":"https:\/\/www.messinaoggi.it\/website\/2019\/03\/28\/accademia-peloritana-dei-pericolanti-inaugurato-a-a-in-presenza-di-massimo-cacciari\/","title":{"rendered":"Accademia Peloritana dei Pericolanti: inaugurato a.a. in presenza di Massimo Cacciari"},"content":{"rendered":"<p lang=\"it-IT\">\u201c<span style=\"font-family: Arial, sans-serif\"><em>L\u2019Europa, per essere necessaria, deve adottare politiche di sviluppo, di innovazione e di ricerca convergenti e coordinate, per non ridursi ad un insieme di piccole province degli spazi commerciali dominanti, cio\u00e8 Usa, Russia e Cina<\/em>\u201d. Cos\u00ec il noto filosofo Massimo Cacciari in uno dei passaggi salienti della sua Lectio magistralis dall&#8217;eloquente titolo \u201cL&#8217;Europa necessaria\u201d che si \u00e8 svolta ieri pomeriggio, presso l&#8217;Aula Magna del Rettorato, in occasione della Cerimonia di inaugurazione del 290\u00b0 Anno Accademico dell\u2019Accademia Peloritana dei Pericolanti. Si \u00e8 trattato della prima celebrazione, in assoluto, organizzata dall\u2019Accademia per dare inizio alle proprie attivit\u00e0.<\/span><div id=\"div-gpt-ad-Messinaoggi.it-DSK-300x250-corpoart\" style=\"text-align:center;margin:0 auto;\"><\/div><\/p>\n<p lang=\"it-IT\"><span style=\"font-family: Arial, sans-serif\">Prima dell\u2019inizio della Cerimonia, a cui hanno preso parte anche il rettore Salvatore Cuzzocrea e il vicepresidente dell\u2019Accademia Peloritana Giovanni Cupaiuolo, \u00e8 stato osservato un minuto di raccoglimento in ricordo del professor Filippo De Luca, scomparso di recente. Dopodich\u00e9, prima dell&#8217;inizio della Lectio magistralis, il rettore ha voluto precisare quanto stia a cuore all&#8217;Universit\u00e0 di Messina l&#8217;attivit\u00e0 dell&#8217;Accademia Peloritana dei Pericolanti, tant&#8217;\u00e8 vero che l&#8217;attuale amministrazione universitaria si sta impegnando per dotare l\u2019Accademia di una forma giuridica pi\u00f9 forte e consolidata: &#8220;<em>Abbiamo istituzionalizzato la Cerimonia inaugurale dell\u2019Anno Accademico per testimoniare questa volont\u00e0 di rafforzamento<\/em>&#8220;, ha dichiarato al riguardo il professore Cuzzocrea.<\/span><div id=\"videoincontent\" style=\"clear:both\";><\/div><\/p>\n<p lang=\"it-IT\">\u201c<span style=\"font-family: Arial, sans-serif\"><em>Non esistono ricette facili per raddrizzare la situazione attuale di forte crisi.<\/em> &#8211; ha esordito il professor Cacciari &#8211;<em> Per le nuove generazioni l\u2019Europa necessaria deve essere un compito, da svolgere nella miglior maniera possibile per un futuro virtuoso. Oltre a una maggiore convergenza e coordinamento delle politiche<\/em> <\/span><span style=\"font-family: Arial, sans-serif\"><em>di sviluppo, di innovazione e di ricerca, l&#8217;Europa necessaria ha bisogno di politiche fiscali ed istituzionali ulteriormente integrate. In particolare, la governance, nella sua dimensione principale del Consiglio europeo, deve superare il concetto dell\u2019unanimit\u00e0 per risolvere le questioni importanti, come ad esempio l\u2019immigrazione. L\u2019Europa necessaria pu\u00f2 divenire possibile grazie ai giovani che, per cambiare le cose, devono trarre insegnamento dagli errori delle generazioni precedenti. Queste ultime hanno fatto il loro tempo, con diversi limiti culturali e politici che non sono pi\u00f9 accettabili<\/em>\u201d.<\/span><\/p>\n","protected":false},"excerpt":{"rendered":"<p>\u201cL\u2019Europa, per essere necessaria, deve adottare politiche di sviluppo, di innovazione e di ricerca convergenti e coordinate, per non ridursi ad un insieme di piccole province degli spazi commerciali dominanti, cio\u00e8 Usa, Russia e Cina\u201d. Cos\u00ec il noto filosofo Massimo Cacciari in uno dei passaggi salienti della sua Lectio magistralis dall&#8217;eloquente titolo \u201cL&#8217;Europa necessaria\u201d che [&hellip;]<\/p>\n","protected":false},"author":8,"featured_media":30924,"comment_status":"closed","ping_status":"open","sticky":false,"template":"","format":"standard","meta":{"ub_ctt_via":"","_mi_skip_tracking":false},"categories":[7],"tags":[],"featured_image_src":"https:\/\/www.messinaoggi.it\/website\/wp-content\/uploads\/2019\/03\/inaugurazione-del-290\u00b0-Anno-Accademico-dellAccademia-Peloritana-dei-Pericolanti-1.jpg","author_info":{"display_name":"red..me","author_link":"https:\/\/www.messinaoggi.it\/website\/author\/redstage\/"},"digistream_id":0,"digistream":false,"_links":{"self":[{"href":"https:\/\/www.messinaoggi.it\/website\/wp-json\/wp\/v2\/posts\/30923"}],"collection":[{"href":"https:\/\/www.messinaoggi.it\/website\/wp-json\/wp\/v2\/posts"}],"about":[{"href":"https:\/\/www.messinaoggi.it\/website\/wp-json\/wp\/v2\/types\/post"}],"author":[{"embeddable":true,"href":"https:\/\/www.messinaoggi.it\/website\/wp-json\/wp\/v2\/users\/8"}],"replies":[{"embeddable":true,"href":"https:\/\/www.messinaoggi.it\/website\/wp-json\/wp\/v2\/comments?post=30923"}],"version-history":[{"count":0,"href":"https:\/\/www.messinaoggi.it\/website\/wp-json\/wp\/v2\/posts\/30923\/revisions"}],"wp:featuredmedia":[{"embeddable":true,"href":"https:\/\/www.messinaoggi.it\/website\/wp-json\/wp\/v2\/media\/30924"}],"wp:attachment":[{"href":"https:\/\/www.messinaoggi.it\/website\/wp-json\/wp\/v2\/media?parent=30923"}],"wp:term":[{"taxonomy":"category","embeddable":true,"href":"https:\/\/www.messinaoggi.it\/website\/wp-json\/wp\/v2\/categories?post=30923"},{"taxonomy":"post_tag","embeddable":true,"href":"https:\/\/www.messinaoggi.it\/website\/wp-json\/wp\/v2\/tags?post=30923"}],"curies":[{"name":"wp","href":"https:\/\/api.w.org\/{rel}","templated":true}]}}