{"id":30917,"date":"2019-03-27T21:43:44","date_gmt":"2019-03-27T20:43:44","guid":{"rendered":"http:\/\/www.messinaoggi.it\/website\/?p=30917"},"modified":"2019-03-27T21:43:44","modified_gmt":"2019-03-27T20:43:44","slug":"comune-di-messina-il-30-marzo-firma-dei-contratti-a-tempo-indeterminato-per-75-precari","status":"publish","type":"post","link":"https:\/\/www.messinaoggi.it\/website\/2019\/03\/27\/comune-di-messina-il-30-marzo-firma-dei-contratti-a-tempo-indeterminato-per-75-precari\/","title":{"rendered":"Comune di Messina, il 30 marzo firma dei contratti a tempo indeterminato per 75 precari"},"content":{"rendered":"<p>Finisce l\u2019attesa per i dipendenti comunali ancora in attesa di stabilizzazione, che sabato potranno finalmente apporre la loro firma sui contratti a tempo indeterminato. Fp Cgil: &#8220;Si scrive la parola fine all\u2019infinita pagina del precariato del Comune di Messina.<br \/>\n&#8220;Giorno 29 marzo riunione della Giunta municipale per deliberare il PEG 2019, ultimo atto necessario per il travagliato iter di stabilizzazione dei 75 dipendenti a tempo determinato. Sabato 30 marzo, invece sar\u00e0 il momento della tanto attesa firma che metter\u00e0 definitivamente la parola fine alla storia del precariato del Comune di Messina.<br \/>\nLa Fp Cgil, che in questi difficile mesi \u00e8 sempre stata a fianco dei dipendenti, evidenzia come spesso, riuscendo a lavorare in sinergia, sindacato, lavoratori, istituzioni, si possono raggiungere grandi risultati&#8221;. Questo il commento del segretario della Fp Cgil Fucile e delle Rsu Previti, Miragliotta, Lo Prete, Chill\u00e8, De Domenico, Accolla, Gervasi e Cantio, alla notizia di una stabilizzazione complicata che per\u00f2 \u00e8 finalmente giunta a compimento.<br \/>\n&#8220;Il Dipartimento delle Risorse umane \u2013 affermano i rappresentanti della Fp Cgil &#8211; si \u00e8 gi\u00e0 organizzato per predisporre e fare firmare tutti i contratti ai lavoratori interessati a 18 e 24 ore settimanali.<br \/>\nNelle settimane successive, la Giunta municipale adotter\u00e0 la delibera relativa alla nuova ri contrattualizzazione a 32 ore per i nuovi stabilizzati in modo che dal primo maggio possa partire il nuovo orario di lavoro. Finalmente si riconosce giusta dignit\u00e0 al lavoro svolto negli anni da tanti dipendenti&#8221;.<br \/>\nLa Fp Cgil ha sempre visto la stabilizzazione dei precari una priorit\u00e0 e pertanto, nell\u2019esprimere compiacimento per l\u2019obiettivo raggiunto, dichiara il proprio impegno \u00abaffinch\u00e9 si arrivi a ricontrattualizzare le ore lavorative settimanali a 36 cos\u00ec come tutti gli altri dipendenti comunali entro il 2019.<br \/>\nFinalmente si chiude la stagione del precariato al Comune di Messina, che \u00e8 durata parecchi anni, con notizie non veritiere e\u00a0 bugie che spesso i fatti hanno smascherato&#8221;.<div id=\"div-gpt-ad-Messinaoggi.it-DSK-300x250-corpoart\" style=\"text-align:center;margin:0 auto;\"><\/div><\/p>\n<div id=\"videoincontent\" style=\"clear:both\";><\/div>","protected":false},"excerpt":{"rendered":"<p>Finisce l\u2019attesa per i dipendenti comunali ancora in attesa di stabilizzazione, che sabato potranno finalmente apporre la loro firma sui contratti a tempo indeterminato. Fp Cgil: &#8220;Si scrive la parola fine all\u2019infinita pagina del precariato del Comune di Messina. &#8220;Giorno 29 marzo riunione della Giunta municipale per deliberare il PEG 2019, ultimo atto necessario per [&hellip;]<\/p>\n","protected":false},"author":15,"featured_media":2496,"comment_status":"closed","ping_status":"open","sticky":false,"template":"","format":"standard","meta":{"ub_ctt_via":"","_mi_skip_tracking":false},"categories":[5],"tags":[],"featured_image_src":"https:\/\/www.messinaoggi.it\/website\/wp-content\/uploads\/2017\/06\/Palazzo-Zanca-2-2.jpg","author_info":{"display_name":"red.me","author_link":"https:\/\/www.messinaoggi.it\/website\/author\/red-me\/"},"digistream_id":0,"digistream":false,"_links":{"self":[{"href":"https:\/\/www.messinaoggi.it\/website\/wp-json\/wp\/v2\/posts\/30917"}],"collection":[{"href":"https:\/\/www.messinaoggi.it\/website\/wp-json\/wp\/v2\/posts"}],"about":[{"href":"https:\/\/www.messinaoggi.it\/website\/wp-json\/wp\/v2\/types\/post"}],"author":[{"embeddable":true,"href":"https:\/\/www.messinaoggi.it\/website\/wp-json\/wp\/v2\/users\/15"}],"replies":[{"embeddable":true,"href":"https:\/\/www.messinaoggi.it\/website\/wp-json\/wp\/v2\/comments?post=30917"}],"version-history":[{"count":0,"href":"https:\/\/www.messinaoggi.it\/website\/wp-json\/wp\/v2\/posts\/30917\/revisions"}],"wp:featuredmedia":[{"embeddable":true,"href":"https:\/\/www.messinaoggi.it\/website\/wp-json\/wp\/v2\/media\/2496"}],"wp:attachment":[{"href":"https:\/\/www.messinaoggi.it\/website\/wp-json\/wp\/v2\/media?parent=30917"}],"wp:term":[{"taxonomy":"category","embeddable":true,"href":"https:\/\/www.messinaoggi.it\/website\/wp-json\/wp\/v2\/categories?post=30917"},{"taxonomy":"post_tag","embeddable":true,"href":"https:\/\/www.messinaoggi.it\/website\/wp-json\/wp\/v2\/tags?post=30917"}],"curies":[{"name":"wp","href":"https:\/\/api.w.org\/{rel}","templated":true}]}}