{"id":30895,"date":"2019-03-27T10:22:15","date_gmt":"2019-03-27T09:22:15","guid":{"rendered":"http:\/\/www.messinaoggi.it\/website\/?p=30895"},"modified":"2019-03-27T10:22:15","modified_gmt":"2019-03-27T09:22:15","slug":"risanamento-vertice-per-operativo-per-demolizione-baracche-sottomontagna","status":"publish","type":"post","link":"https:\/\/www.messinaoggi.it\/website\/2019\/03\/27\/risanamento-vertice-per-operativo-per-demolizione-baracche-sottomontagna\/","title":{"rendered":"Risanamento, vertice per operativo per demolizione baracche Sottomontagna"},"content":{"rendered":"<div>Incontro operativo a Palazzo Zanca del vicesindaco Salvatore Mondello, finalizzato a pianificare tutte la azioni propedeutiche alla demolizione delle baracche Sottomontagna. Al tavolo tecnico hanno preso parte l\u2019assessore alla Protezione civile Massimiliano Minutoli; per Arisme. il presidente Marcello Scurria e la responsabile del settore tecnico Grazia Marullo; Maria Grazia Gemelli funzionario tecnico comunale; per l\u2019Aman il direttore tecnico Natale Cuc\u00e8; per MessinaServizi Michele Trimboli; per Tim Antonino Ciraolo e Salvatore Nicosia; e per E-distribuzione Nicola Salvo.<\/div>\n<div>Nel corso della riunione si \u00e8 discusso di reti tecnologiche e sottoservizi e ancora una volta il vice sindaco ha ribadito che soltanto attraverso il buon senso e la buona volont\u00e0 di tutti \u00e8 possibile rimuovere le piccole criticit\u00e0 e snellire le procedure.<\/div>\n<div><\/div>\n<div class=\"pf-content\">Nei prossimi giorni saranno avviati gli interventi di rimozione dei vari allacci agli impianti generali (luce, telefonia, acqua etc\u2026). Un altro piccolo passo verso la complessa azione di risanamento.<\/div>\n<div id=\"div-gpt-ad-Messinaoggi.it-DSK-300x250-corpoart\" style=\"text-align:center;margin:0 auto;\"><\/div><\/p><div id=\"videoincontent\" style=\"clear:both\";><\/div>","protected":false},"excerpt":{"rendered":"<p>Incontro operativo a Palazzo Zanca del vicesindaco Salvatore Mondello, finalizzato a pianificare tutte la azioni propedeutiche alla demolizione delle baracche Sottomontagna. Al tavolo tecnico hanno preso parte l\u2019assessore alla Protezione civile Massimiliano Minutoli; per Arisme. il presidente Marcello Scurria e la responsabile del settore tecnico Grazia Marullo; Maria Grazia Gemelli funzionario tecnico comunale; per l\u2019Aman [&hellip;]<\/p>\n","protected":false},"author":15,"featured_media":30896,"comment_status":"closed","ping_status":"open","sticky":false,"template":"","format":"standard","meta":{"ub_ctt_via":"","_mi_skip_tracking":false},"categories":[5],"tags":[],"featured_image_src":"https:\/\/www.messinaoggi.it\/website\/wp-content\/uploads\/2019\/03\/incontro-al-comune.jpg","author_info":{"display_name":"red.me","author_link":"https:\/\/www.messinaoggi.it\/website\/author\/red-me\/"},"digistream_id":0,"digistream":false,"_links":{"self":[{"href":"https:\/\/www.messinaoggi.it\/website\/wp-json\/wp\/v2\/posts\/30895"}],"collection":[{"href":"https:\/\/www.messinaoggi.it\/website\/wp-json\/wp\/v2\/posts"}],"about":[{"href":"https:\/\/www.messinaoggi.it\/website\/wp-json\/wp\/v2\/types\/post"}],"author":[{"embeddable":true,"href":"https:\/\/www.messinaoggi.it\/website\/wp-json\/wp\/v2\/users\/15"}],"replies":[{"embeddable":true,"href":"https:\/\/www.messinaoggi.it\/website\/wp-json\/wp\/v2\/comments?post=30895"}],"version-history":[{"count":0,"href":"https:\/\/www.messinaoggi.it\/website\/wp-json\/wp\/v2\/posts\/30895\/revisions"}],"wp:featuredmedia":[{"embeddable":true,"href":"https:\/\/www.messinaoggi.it\/website\/wp-json\/wp\/v2\/media\/30896"}],"wp:attachment":[{"href":"https:\/\/www.messinaoggi.it\/website\/wp-json\/wp\/v2\/media?parent=30895"}],"wp:term":[{"taxonomy":"category","embeddable":true,"href":"https:\/\/www.messinaoggi.it\/website\/wp-json\/wp\/v2\/categories?post=30895"},{"taxonomy":"post_tag","embeddable":true,"href":"https:\/\/www.messinaoggi.it\/website\/wp-json\/wp\/v2\/tags?post=30895"}],"curies":[{"name":"wp","href":"https:\/\/api.w.org\/{rel}","templated":true}]}}