{"id":30884,"date":"2019-03-27T10:00:38","date_gmt":"2019-03-27T09:00:38","guid":{"rendered":"http:\/\/www.messinaoggi.it\/website\/?p=30884"},"modified":"2019-03-27T10:00:38","modified_gmt":"2019-03-27T09:00:38","slug":"studentessa-unime-consegue-doppio-titolo-accademico","status":"publish","type":"post","link":"https:\/\/www.messinaoggi.it\/website\/2019\/03\/27\/studentessa-unime-consegue-doppio-titolo-accademico\/","title":{"rendered":"Studentessa Unime consegue doppio titolo accademico"},"content":{"rendered":"<p lang=\"it-IT\"><span style=\"font-family: Arial, sans-serif\">\u201c<em>Quest&#8217;evento posiziona ulteriormente l&#8217;Ateneo peloritano sullo scenario internazionale oltre che locale<\/em>&#8220;. Cos\u00ec il direttore del Dipartimento di Civilt\u00e0 Antiche e Moderne (DiCAM) dell&#8217;Universit\u00e0 di Messina, Giuseppe Giordano, relativamente al doppio titolo accademico rilasciato nella giornata di ieri dall&#8217;Ateneo peloritano, il primo in assoluto per quanto riguarda tale tipologia di titoli. A conseguire il doppio titolo accademico \u00e8 stata <\/span><span style=\"font-family: Arial, sans-serif\">la 26enne Giulia Stef\u00e0no, la quale ha partecipato al programma di mobilit\u00e0 strutturata per rilascio del doppio titolo presso l\u2019Institut Catholique de Toulouse (Tolosa, Francia) nell\u2019anno accademico 2017\/18.<\/span><div id=\"div-gpt-ad-Messinaoggi.it-DSK-300x250-corpoart\" style=\"text-align:center;margin:0 auto;\"><\/div><\/p>\n<p lang=\"it-IT\"><a href=\"http:\/\/www.messinaoggi.it\/website\/wp-content\/uploads\/2019\/03\/Giulia-Stef\u00e0no.jpg\"><img loading=\"lazy\" class=\"alignnone size-full wp-image-30885\" src=\"http:\/\/www.messinaoggi.it\/website\/wp-content\/uploads\/2019\/03\/Giulia-Stef\u00e0no.jpg\" alt=\"\" width=\"2768\" height=\"1560\" \/><\/a><div id=\"videoincontent\" style=\"clear:both\";><\/div><\/p>\n<p lang=\"it-IT\"><span style=\"font-family: Arial, sans-serif\">L\u2019accordo tra l&#8217;Universit\u00e0 di Messina e l\u2019Institut Catholique de Touliouse \u00e8 stato approvato dal Senato Accademico del 7 aprile 2016 e prevede che i partecipanti a questo programma ricevano, alla fine del loro percorso di studi, la Licenza canonica in filosofia \u2013 menzione in \u201cAntropologia e filosofia della persona\u201d o in \u201cFilosofia della religione\u201d \u2013 (Corso di Studio di secondo livello riconosciuto in funzione dell\u2019accordo tra la Repubblica francese e la Santa Sede) rilasciato dall\u2019Institut Catholique de Toulouse e la Laurea Magistrale in filosofia contemporanea rilasciata dall&#8217;Ateneo peloritano.<\/span><\/p>\n<p lang=\"it-IT\"><span style=\"font-family: Arial, sans-serif\">Giulia Stef\u00e0no ha esposto una tesi dal titolo \u201cLa domanda senza risposta: Hans Jonas e il concetto di Dio dopo Auschwitz\u201d, ponendo l\u2019accento sulla riflessione teologica del filosofo tedesco naturalizzato statunitense di origine ebraica. Parte dell\u2019esposizione \u00e8 stata eseguita in lingua francese, con l\u2019ausilio del professor Andrea Bellantone (preside della Facolt\u00e0 di Filosofia dell\u2019Institut Catholique de Toulouse ed ex studente dell\u2019Universit\u00e0 di Messina), inserito appositamente nella commissione di laurea di cui ha fatto parte anche il professor Giuseppe Giordano. Ad assistere alla discussione della giovane, anche il prorettore all\u2019Internazionalizzazione ed Horizon 2020 dell\u2019Universit\u00e0 di Messina, professor Antonino German\u00e0. La neo laureata \u00e8 stata valutata con il massimo dei voti, 110 e lode ed Excellent, in entrambi i titoli di studio ottenuti.<\/span><\/p>\n<p lang=\"it-IT\">\u201c<span style=\"font-family: Arial, sans-serif\"><em>Sono molto orgogliosa di questo risultato<\/em> \u2013 ha commentato Giulia Stef\u00e0no \u2013<em> ed emozionata per questa esperienza che, senza alcun dubbio, rifarei anche domani. Voglio ringraziare l\u2019Universit\u00e0 di Messina, l\u2019Institut Catholique de Toulouse e tutti i professori che mi hanno seguito, sostenuto ed aiutato in questo percorso, interessante sotto tanti punti di vista. Ho potuto studiare ci\u00f2 che mi piace e conoscere tanti studenti con cui sono nati solidi rapporti di amicizia. \u00c8 un\u2019esperienza che consiglio a tutti per ampliare il proprio bagaglio culturale nel contesto internazionale ed apprendere una lingua straniera. Mi ha appassionato molto lo studio di Hans Jonas e dei sui interrogativi sul concetto di Dio ed \u00e8 per questo che ho approfondito e finalizzato al meglio la mia tesi<\/em>\u201d.<\/span><\/p>\n","protected":false},"excerpt":{"rendered":"<p>\u201cQuest&#8217;evento posiziona ulteriormente l&#8217;Ateneo peloritano sullo scenario internazionale oltre che locale&#8220;. Cos\u00ec il direttore del Dipartimento di Civilt\u00e0 Antiche e Moderne (DiCAM) dell&#8217;Universit\u00e0 di Messina, Giuseppe Giordano, relativamente al doppio titolo accademico rilasciato nella giornata di ieri dall&#8217;Ateneo peloritano, il primo in assoluto per quanto riguarda tale tipologia di titoli. A conseguire il doppio titolo [&hellip;]<\/p>\n","protected":false},"author":8,"featured_media":30886,"comment_status":"closed","ping_status":"open","sticky":false,"template":"","format":"standard","meta":{"ub_ctt_via":"","_mi_skip_tracking":false},"categories":[7],"tags":[],"featured_image_src":"https:\/\/www.messinaoggi.it\/website\/wp-content\/uploads\/2019\/03\/commissione-laurea-Giulia-Stefano.jpg","author_info":{"display_name":"red..me","author_link":"https:\/\/www.messinaoggi.it\/website\/author\/redstage\/"},"digistream_id":0,"digistream":false,"_links":{"self":[{"href":"https:\/\/www.messinaoggi.it\/website\/wp-json\/wp\/v2\/posts\/30884"}],"collection":[{"href":"https:\/\/www.messinaoggi.it\/website\/wp-json\/wp\/v2\/posts"}],"about":[{"href":"https:\/\/www.messinaoggi.it\/website\/wp-json\/wp\/v2\/types\/post"}],"author":[{"embeddable":true,"href":"https:\/\/www.messinaoggi.it\/website\/wp-json\/wp\/v2\/users\/8"}],"replies":[{"embeddable":true,"href":"https:\/\/www.messinaoggi.it\/website\/wp-json\/wp\/v2\/comments?post=30884"}],"version-history":[{"count":0,"href":"https:\/\/www.messinaoggi.it\/website\/wp-json\/wp\/v2\/posts\/30884\/revisions"}],"wp:featuredmedia":[{"embeddable":true,"href":"https:\/\/www.messinaoggi.it\/website\/wp-json\/wp\/v2\/media\/30886"}],"wp:attachment":[{"href":"https:\/\/www.messinaoggi.it\/website\/wp-json\/wp\/v2\/media?parent=30884"}],"wp:term":[{"taxonomy":"category","embeddable":true,"href":"https:\/\/www.messinaoggi.it\/website\/wp-json\/wp\/v2\/categories?post=30884"},{"taxonomy":"post_tag","embeddable":true,"href":"https:\/\/www.messinaoggi.it\/website\/wp-json\/wp\/v2\/tags?post=30884"}],"curies":[{"name":"wp","href":"https:\/\/api.w.org\/{rel}","templated":true}]}}