{"id":30872,"date":"2019-03-26T16:59:16","date_gmt":"2019-03-26T15:59:16","guid":{"rendered":"http:\/\/www.messinaoggi.it\/website\/?p=30872"},"modified":"2019-03-26T16:59:16","modified_gmt":"2019-03-26T15:59:16","slug":"vito-calvino-primo-giorno-da-questore-di-messina-con-unagenda-piena-di-impegni","status":"publish","type":"post","link":"https:\/\/www.messinaoggi.it\/website\/2019\/03\/26\/vito-calvino-primo-giorno-da-questore-di-messina-con-unagenda-piena-di-impegni\/","title":{"rendered":"Vito Calvino primo giorno da questore di Messina con un&#039;agenda piena di impegni"},"content":{"rendered":"<p>Tabella di marcia intensa per il nuovo Questore di Messina: Vito Calvino ha voluto incontrare, a seguire, i funzionari che lo collaboreranno in questa nuova avventura con i quali ha scambiato strette di mano ed i migliori in bocca al lupo. Si \u00e8 poi diretto a Letojanni per accogliere, insieme alle altre autorit\u00e0 civili e militari, il Ministro delle Infrastrutture Toninelli. Un salto alla Capitaneria di porto e poi dritto in Questura per incontrare gli organi di stampa in una conferenza di presentazione.<br \/>\nMa chi \u00e8 Vito Calvino?<br \/>\nOriginario di Palermo, classe 1961, \u00e8 un Funzionario della Polizia di Stato con un passato trentennale in amministrazione dove si \u00e8 prevalentemente occupato di attivit\u00e0 giudiziaria.<br \/>\nHa diretto importanti commissariati tanto distaccati quanto sezionali. Vittoria \u00e8 stato il primo nel 1988 e alla Questura di Ragusa \u00e8 stato anche Vice Dirigente della Squadra Mobile. Successivamente una lunga parentesi palermitana citt\u00e0 nella quale arriva nel 1991. Dirigente del Commissariato di Brancaccio per 5 anni e di quello di San Lorenzo per altri 2, vive gli anni difficili successivi alle stragi in due quartieri caratterizzati da un alto tasso delinquenziale anche legato alla criminalit\u00e0 organizzata che non manca di colpire conseguendo significativi risultati che lo porteranno alla guida della Sezione Criminalit\u00e0 Organizzata prima, alla vice dirigenza ed alla dirigenza subito dopo, della locale Squadra Mobile. L\u00ec si distinguer\u00e0 per aver disarticolato numerose consorterie mafiose anche attraverso la cattura di pericolosi latitanti come Domenico Raccuglia, Gianni Nicchi, Giuseppe Falsone.<br \/>\nMeritatissime le promozioni conseguite a primo Dirigente ed a Dirigente Superiore. Con tale ultima qualifica sar\u00e0 nominato Direttore del Reparto Investigazioni giudiziarie dell&#8217;Antimafia, coordinando tutte le indagini sul territorio nazionale volte ad infliggere duri colpi alle organizzazioni di stampo mafioso.<div id=\"div-gpt-ad-Messinaoggi.it-DSK-300x250-corpoart\" style=\"text-align:center;margin:0 auto;\"><\/div><\/p>\n<div id=\"videoincontent\" style=\"clear:both\";><\/div>","protected":false},"excerpt":{"rendered":"<p>Tabella di marcia intensa per il nuovo Questore di Messina: Vito Calvino ha voluto incontrare, a seguire, i funzionari che lo collaboreranno in questa nuova avventura con i quali ha scambiato strette di mano ed i migliori in bocca al lupo. Si \u00e8 poi diretto a Letojanni per accogliere, insieme alle altre autorit\u00e0 civili e [&hellip;]<\/p>\n","protected":false},"author":15,"featured_media":30875,"comment_status":"closed","ping_status":"open","sticky":false,"template":"","format":"standard","meta":{"ub_ctt_via":"","_mi_skip_tracking":false},"categories":[5],"tags":[],"featured_image_src":"https:\/\/www.messinaoggi.it\/website\/wp-content\/uploads\/2019\/03\/1-1-1.jpg","author_info":{"display_name":"red.me","author_link":"https:\/\/www.messinaoggi.it\/website\/author\/red-me\/"},"digistream_id":0,"digistream":false,"_links":{"self":[{"href":"https:\/\/www.messinaoggi.it\/website\/wp-json\/wp\/v2\/posts\/30872"}],"collection":[{"href":"https:\/\/www.messinaoggi.it\/website\/wp-json\/wp\/v2\/posts"}],"about":[{"href":"https:\/\/www.messinaoggi.it\/website\/wp-json\/wp\/v2\/types\/post"}],"author":[{"embeddable":true,"href":"https:\/\/www.messinaoggi.it\/website\/wp-json\/wp\/v2\/users\/15"}],"replies":[{"embeddable":true,"href":"https:\/\/www.messinaoggi.it\/website\/wp-json\/wp\/v2\/comments?post=30872"}],"version-history":[{"count":0,"href":"https:\/\/www.messinaoggi.it\/website\/wp-json\/wp\/v2\/posts\/30872\/revisions"}],"wp:featuredmedia":[{"embeddable":true,"href":"https:\/\/www.messinaoggi.it\/website\/wp-json\/wp\/v2\/media\/30875"}],"wp:attachment":[{"href":"https:\/\/www.messinaoggi.it\/website\/wp-json\/wp\/v2\/media?parent=30872"}],"wp:term":[{"taxonomy":"category","embeddable":true,"href":"https:\/\/www.messinaoggi.it\/website\/wp-json\/wp\/v2\/categories?post=30872"},{"taxonomy":"post_tag","embeddable":true,"href":"https:\/\/www.messinaoggi.it\/website\/wp-json\/wp\/v2\/tags?post=30872"}],"curies":[{"name":"wp","href":"https:\/\/api.w.org\/{rel}","templated":true}]}}