{"id":30856,"date":"2019-03-26T11:10:59","date_gmt":"2019-03-26T10:10:59","guid":{"rendered":"http:\/\/www.messinaoggi.it\/website\/?p=30856"},"modified":"2019-03-26T11:10:59","modified_gmt":"2019-03-26T10:10:59","slug":"uro-radiologia-presentato-il-nuovo-approccio-multidisciplinare","status":"publish","type":"post","link":"https:\/\/www.messinaoggi.it\/website\/2019\/03\/26\/uro-radiologia-presentato-il-nuovo-approccio-multidisciplinare\/","title":{"rendered":"&quot;Uro-radiologia&quot;: presentato il nuovo approccio multidisciplinare"},"content":{"rendered":"<p class=\"p1\" style=\"text-align: justify;\"><span class=\"s1\">L\u2019urologia e la radiologia devono camminare sugli stessi binari per offrire ai pazienti maggiore qualit\u00e0 dei servizi. E\u2019 stato questo il filo conduttore del convegno \u201cUro-radiologia: approccio multidisciplinare\u201d, che nei giorni scorsi ha riunito nell\u2019auditorium dell\u2019Azienda Ospedaliera Papardo di Messina urologi, radiologi e infermieri arrivati da Sicilia e Calabria. Un evento promosso dalle Unit\u00e0 Operative di Urologia e Diagnostica per Immagini del nosocomio, dirette rispettivamente da\u00a0<b>Francesco<\/b>\u00a0<b>Mastroeni<\/b>\u00a0e\u00a0<b>Giampiero Mastroeni<\/b>, responsabili scientifici del convegno.<\/span><span class=\"s2\"> Buona <\/span><span class=\"s1\">partecipazione di specialisti e grande attenzione sull\u2019approccio che l\u2019uro-gruppo del Papardo porta avanti ormai da diversi anni per costruire un modello sanitario basato sulla reciproca e costante collaborazione tra urologi e radiologi nel trattamento delle patologie urologiche.<\/span><div id=\"div-gpt-ad-Messinaoggi.it-DSK-300x250-corpoart\" style=\"text-align:center;margin:0 auto;\"><\/div><\/p>\n<p class=\"p1\" style=\"text-align: justify;\"><span class=\"s1\">\u00ab<i>Siamo felici della presenza di tanti colleghi che hanno preso parte a questa giornata, che ha visto il contributo di numerosi esperti del settore, tra cui anche professionisti di caratura internazionale come <\/i><b><i>Lukas Lusuardi<\/i><\/b><i> ed <\/i><b><i>Elena Ravasi<\/i><\/b><i>, direttore dell\u2019Unit\u00e0 Radiologia dell\u2019Inrca di Ancona. Grazie all\u2019importante supporto che la radiologia pu\u00f2 dare all\u2019urologia abbiamo la possibilit\u00e0 di poter fare una migliore diagnosi e un pi\u00f9 preciso trattamento. Un approccio vincente, sia dal punto di visa qualitativo che in termini di economicit\u00e0, perch\u00e9 consente di ottimizzare e impiegare al meglio le risorse disponibili<\/i>\u00bb hanno commentato i promotori del convegno Francesco Mastroeni e Giampiero Mastroeni.\u00a0<\/span><div id=\"videoincontent\" style=\"clear:both\";><\/div><\/p>\n<p class=\"p1\" style=\"text-align: justify;\"><span class=\"s1\">L\u2019obiettivo \u00e8 diventare un esempio da seguire a tutti i livelli assistenziali, offrire un modello multidisciplinare che ha gi\u00e0 dato i suoi risultati concreti e positivi. Numerosi gli argomenti trattati dai professionisti che hanno animato le quattro sessioni del convegno dedicate a focus specifici su prostata, vescica e rene, a cominciare da varicocele, mezzi di contrasto e relativa nefrotossicit\u00e0.\u00a0<\/span><\/p>\n<p class=\"p1\" style=\"text-align: justify;\"><span class=\"s1\">Si \u00e8 parlato di green laser, embolizzazione arteriosa, radioterapia e confronti fra vecchie e nuove tecniche bioptiche in relazione anche al nuovo imaging integrato per quanto riguarda la cura della prostata. Sull&#8217;argomento vescica sono stati affrontati gli aspetti relativi ad endoscopia, neoplasie superficiali e profonde oltre al ruolo della robotica. La sessione sul rene ha spaziato su calcolosi e neoplasia, litotrissia extracorporea a onde d&#8217;urto alla tecnica percutanea della calcolosi renale complessa.\u00a0<\/span><\/p>\n<p class=\"p1\" style=\"text-align: justify;\"><span class=\"s1\">Infine l\u2019esperienza dell&#8217;Uro-Radiologia del Papardo, vincente in tante occasioni estreme sia in regime d&#8217;urgenza che in elezione, ad esempio nel\u00a0trattamento delle fistole arterovenose, embolizzazione dei traumi renali e masse neoplastiche renali.<\/span><\/p>\n<p class=\"p1\" style=\"text-align: justify;\"><span class=\"s1\">Un confronto ricco e stimolante che i due responsabili scientifici si augurano possa essere modello di riferimento per offrire qualit\u00e0 superiore, dalla diagnosi al trattamento terapeutico.\u00a0<\/span><\/p>\n","protected":false},"excerpt":{"rendered":"<p>L\u2019urologia e la radiologia devono camminare sugli stessi binari per offrire ai pazienti maggiore qualit\u00e0 dei servizi. E\u2019 stato questo il filo conduttore del convegno \u201cUro-radiologia: approccio multidisciplinare\u201d, che nei giorni scorsi ha riunito nell\u2019auditorium dell\u2019Azienda Ospedaliera Papardo di Messina urologi, radiologi e infermieri arrivati da Sicilia e Calabria. Un evento promosso dalle Unit\u00e0 Operative [&hellip;]<\/p>\n","protected":false},"author":2,"featured_media":30857,"comment_status":"closed","ping_status":"open","sticky":false,"template":"","format":"standard","meta":{"ub_ctt_via":"","_mi_skip_tracking":false},"categories":[5],"tags":[],"featured_image_src":"https:\/\/www.messinaoggi.it\/website\/wp-content\/uploads\/2019\/03\/Francesco-Mastroeni-e-Giampiero-Mastroeni-1.jpg","author_info":{"display_name":"Redazione","author_link":"https:\/\/www.messinaoggi.it\/website\/author\/redazione\/"},"digistream_id":0,"digistream":false,"_links":{"self":[{"href":"https:\/\/www.messinaoggi.it\/website\/wp-json\/wp\/v2\/posts\/30856"}],"collection":[{"href":"https:\/\/www.messinaoggi.it\/website\/wp-json\/wp\/v2\/posts"}],"about":[{"href":"https:\/\/www.messinaoggi.it\/website\/wp-json\/wp\/v2\/types\/post"}],"author":[{"embeddable":true,"href":"https:\/\/www.messinaoggi.it\/website\/wp-json\/wp\/v2\/users\/2"}],"replies":[{"embeddable":true,"href":"https:\/\/www.messinaoggi.it\/website\/wp-json\/wp\/v2\/comments?post=30856"}],"version-history":[{"count":0,"href":"https:\/\/www.messinaoggi.it\/website\/wp-json\/wp\/v2\/posts\/30856\/revisions"}],"wp:featuredmedia":[{"embeddable":true,"href":"https:\/\/www.messinaoggi.it\/website\/wp-json\/wp\/v2\/media\/30857"}],"wp:attachment":[{"href":"https:\/\/www.messinaoggi.it\/website\/wp-json\/wp\/v2\/media?parent=30856"}],"wp:term":[{"taxonomy":"category","embeddable":true,"href":"https:\/\/www.messinaoggi.it\/website\/wp-json\/wp\/v2\/categories?post=30856"},{"taxonomy":"post_tag","embeddable":true,"href":"https:\/\/www.messinaoggi.it\/website\/wp-json\/wp\/v2\/tags?post=30856"}],"curies":[{"name":"wp","href":"https:\/\/api.w.org\/{rel}","templated":true}]}}