{"id":30846,"date":"2019-03-29T09:35:40","date_gmt":"2019-03-29T08:35:40","guid":{"rendered":"http:\/\/www.messinaoggi.it\/website\/?p=30846"},"modified":"2019-03-29T09:35:40","modified_gmt":"2019-03-29T08:35:40","slug":"nuove-pensiline-dei-bus-provvedimenti-viari-in-via-adolfo-celi-ed-al-bivio-di-mili-marina","status":"publish","type":"post","link":"https:\/\/www.messinaoggi.it\/website\/2019\/03\/29\/nuove-pensiline-dei-bus-provvedimenti-viari-in-via-adolfo-celi-ed-al-bivio-di-mili-marina\/","title":{"rendered":"Nuove pensiline dei bus: provvedimenti viari in via Adolfo Celi e sulla Ss 114"},"content":{"rendered":"<p>Per consentire l\u2019esecuzione dei lavori di montaggio e posa in opera di nuove pensiline attesa dei bus il dipartimento Mobilit\u00e0 Urbana e Viabilit\u00e0 ha disposto provvedimenti viari.<br \/>\nDa marted\u00ec scorso, lungo la via Adolfo Celi e la ex Ss 114 sino al bivio di Mili Marina, nei tratti interessati dagli interventi vigeranno i divieti di transito veicolare per semi-carreggiata e di sosta.<div id=\"div-gpt-ad-Messinaoggi.it-DSK-300x250-corpoart\" style=\"text-align:center;margin:0 auto;\"><\/div><\/p>\n<div id=\"videoincontent\" style=\"clear:both\";><\/div>","protected":false},"excerpt":{"rendered":"<p>Per consentire l\u2019esecuzione dei lavori di montaggio e posa in opera di nuove pensiline attesa dei bus il dipartimento Mobilit\u00e0 Urbana e Viabilit\u00e0 ha disposto provvedimenti viari. Da marted\u00ec scorso, lungo la via Adolfo Celi e la ex Ss 114 sino al bivio di Mili Marina, nei tratti interessati dagli interventi vigeranno i divieti di [&hellip;]<\/p>\n","protected":false},"author":15,"featured_media":30962,"comment_status":"closed","ping_status":"open","sticky":false,"template":"","format":"standard","meta":{"ub_ctt_via":"","_mi_skip_tracking":false},"categories":[5],"tags":[],"featured_image_src":"https:\/\/www.messinaoggi.it\/website\/wp-content\/uploads\/2019\/03\/IMG-20190329-WA0002.jpg","author_info":{"display_name":"red.me","author_link":"https:\/\/www.messinaoggi.it\/website\/author\/red-me\/"},"digistream_id":0,"digistream":false,"_links":{"self":[{"href":"https:\/\/www.messinaoggi.it\/website\/wp-json\/wp\/v2\/posts\/30846"}],"collection":[{"href":"https:\/\/www.messinaoggi.it\/website\/wp-json\/wp\/v2\/posts"}],"about":[{"href":"https:\/\/www.messinaoggi.it\/website\/wp-json\/wp\/v2\/types\/post"}],"author":[{"embeddable":true,"href":"https:\/\/www.messinaoggi.it\/website\/wp-json\/wp\/v2\/users\/15"}],"replies":[{"embeddable":true,"href":"https:\/\/www.messinaoggi.it\/website\/wp-json\/wp\/v2\/comments?post=30846"}],"version-history":[{"count":0,"href":"https:\/\/www.messinaoggi.it\/website\/wp-json\/wp\/v2\/posts\/30846\/revisions"}],"wp:featuredmedia":[{"embeddable":true,"href":"https:\/\/www.messinaoggi.it\/website\/wp-json\/wp\/v2\/media\/30962"}],"wp:attachment":[{"href":"https:\/\/www.messinaoggi.it\/website\/wp-json\/wp\/v2\/media?parent=30846"}],"wp:term":[{"taxonomy":"category","embeddable":true,"href":"https:\/\/www.messinaoggi.it\/website\/wp-json\/wp\/v2\/categories?post=30846"},{"taxonomy":"post_tag","embeddable":true,"href":"https:\/\/www.messinaoggi.it\/website\/wp-json\/wp\/v2\/tags?post=30846"}],"curies":[{"name":"wp","href":"https:\/\/api.w.org\/{rel}","templated":true}]}}