{"id":30823,"date":"2019-03-25T16:00:01","date_gmt":"2019-03-25T15:00:01","guid":{"rendered":"http:\/\/www.messinaoggi.it\/website\/?p=30823"},"modified":"2019-03-25T16:00:01","modified_gmt":"2019-03-25T15:00:01","slug":"presentato-unime-differenzia-lateneo-strizza-locchio-alla-differenziata","status":"publish","type":"post","link":"https:\/\/www.messinaoggi.it\/website\/2019\/03\/25\/presentato-unime-differenzia-lateneo-strizza-locchio-alla-differenziata\/","title":{"rendered":"Presentato &quot;Unime Differenzia&quot;: l&#039;Ateneo strizza l&#039;occhio alla differenziata"},"content":{"rendered":"<p lang=\"it-IT\"><span style=\"color: #000000\"><span style=\"font-family: Arial, sans-serif\">\u00a0Anche l&#8217;Universit\u00e0 di Messina strizza l&#8217;occhio alla differenziata: infatti, nell\u2019ambito di un apposito protocollo d\u2019intesa siglato con Messina Servizi Bene Comune, l&#8217;Ateneo peloritano ha realizzato il progetto &#8220;Unime Differenzia&#8221; al fine di raggiungere un obiettivo ben preciso: contribuire concretamente nella diffusione della cultura della raccolta differenziata nella citt\u00e0 di Messina. I<\/span><\/span><span style=\"color: #000000\"><span style=\"font-family: Arial, sans-serif\">l nuovo percorso di qualificazione ambientale prender\u00e0 avvio luned\u00ec prossimo presso il plesso centrale e Palazzo Mariani, le strutture dell&#8217;Universit\u00e0 scelte come apripista per il progetto in questione.<\/span><\/span><div id=\"div-gpt-ad-Messinaoggi.it-DSK-300x250-corpoart\" style=\"text-align:center;margin:0 auto;\"><\/div><\/p>\n<p lang=\"it-IT\"><span style=\"color: #000000\"><span style=\"font-family: Arial, sans-serif\">In particolare, il progetto \u00e8 stato presentato stamani nell&#8217;ambito di un incontro che si \u00e8 svolto presso la Sala <\/span><\/span><span style=\"font-family: Arial, sans-serif;color: #000000\">Senato dell\u2019Ateneo, al quale hanno preso <\/span><span style=\"font-family: Arial, sans-serif;color: #000000\">parte il rettore Salvatore Cuzzocrea, il direttore generale Francesco Bonanno, l\u2019assessore all\u2019Ambiente Dafne Musolino e il presidente di Messina Servizi Bene Comune Giuseppe Lombardo.<\/span><div id=\"videoincontent\" style=\"clear:both\";><\/div><\/p>\n<p lang=\"it-IT\"><span style=\"color: #000000\">\u201c<span style=\"font-family: Arial, sans-serif\"><em>L\u2019idea per un progetto di raccolta\u00a0differenziata<\/em> \u2013 ha commentato il rettore Cuzzocrea \u2013<em> \u00e8 nata da una piacevole chiacchierata serale con l\u2019assessore Musolino. Voglio ringraziare il direttore generale, gli uffici ed il gruppo di lavoro dell\u2019Ateneo per l\u2019impegno dimostrato, il Comune di Messina e Messina Servizi Bene Comune che ha subito creduto in questa iniziativa. Il progetto non vuole significare solamente che due istituzioni stanno dialogando su un tema cos\u00ec importante, ma vuole rappresentare anche un\u2019occasione per dimostrare la sensibilit\u00e0 dei nostri ragazzi. Il nostro percorso partir\u00e0 luned\u00ec 1 aprile presso Palazzo Mariani e il plesso centrale e presto verranno coinvolti gli altri Dipartimenti dell\u2019Ateneo, con l\u2019obiettivo di contribuire a raggiungere standard di civilt\u00e0 e qualit\u00e0 che questa citt\u00e0 merita. Amo molto l\u2019hinterland catanese dove la raccolta differenziata \u00e8 pressoch\u00e9 totale e anche Messina pu\u00f2 riuscirci. L\u2019Universit\u00e0 ha il compito di inculcare la cultura delle buone pratiche ed il senso civico necessario per guardare positivamente al futuro<\/em>\u201d.<\/span><\/span><\/p>\n<p lang=\"it-IT\"><span style=\"color: #000000\">\u201c<span style=\"font-family: Arial, sans-serif\"><em>In queste ultime settimane<\/em> \u2013 ha aggiunto il direttore generale Bonanno \u2013<em> Messina Servizi ha dato il colpo di reni decisivo per questo progetto che ha visto il fondamentale contributo del gruppo di lavoro dell\u2019Universit\u00e0. Siamo riusciti a portare a compimento questa fase e adesso abbiamo il dovere di impegnarci per infondere la cultura della raccolta differenziata e cambiare la mentalit\u00e0. Gi\u00e0\u00a0domani\u00a0ci sar\u00e0 un primo incontro per i dipendenti dell\u2019Ateneo, che verr\u00e0 trasmesso anche in streaming, per spiegare bene tutto ci\u00f2 che bisogner\u00e0 fare, nel rispetto della normativa vigente. Verrano organizzate anche delle attivit\u00e0 utili per facilitare la comprensione della popolazione universitaria<\/em>\u201d.<\/span><\/span><\/p>\n<p lang=\"it-IT\"><span style=\"color: #000000\"><span style=\"font-family: Arial, sans-serif\">&#8220;<em>L\u2019Universit\u00e0 di Messina<\/em> \u2013 ha detto l\u2019assessore Musolino \u2013 <em>ha dimostrato grandissima sensibilit\u00e0 nei confronti di una tematica cos\u00ec importante. Come ha gi\u00e0 ricordato il rettore, questo protocollo d\u2019intesa \u00e8 nato in una serata di luglio, al CUS Unime. Dalle parole siamo passati ai fatti. Il progetto \u00e8 stato sviluppato da Messina Servizi che si sta sempre pi\u00f9 specializzando sull\u2019argomento. Le Citt\u00e0 Metropolitane incontrano delle difficolt\u00e0 nel tentativo di imprimere nella popolazione il corretto senso civico, ma in alcune zone della nostra citt\u00e0 la percentuale di raccolta differenziata ha raggiunto il 22%. L\u2019obiettivo \u00e8 quello di estendere il servizio in tutto il territorio e il progetto dell\u2019Universit\u00e0 ci aiuta in questo processo di crescita<\/em>\u201d.<\/span><\/span><\/p>\n<p lang=\"it-IT\"><span style=\"color: #000000\">\u201c<span style=\"font-family: Arial, sans-serif\"><em>Ringrazio il rettore<\/em> \u2013 ha commentato Lombardo \u2013<em> per aver sposato con entusiasmo la nostra idea. Vogliamo arrivare a garantire un servizio di raccolta differenziata porta a porta integrale in tutta la citt\u00e0 e le istituzioni possono aiutarci a far passare il messaggio in maniera virtuosa. Lavoriamo con impegno e attenzione, come dimostra l\u2019incontro di oggi. L\u2019Universit\u00e0 sta, senza dubbio, compiendo un passo molto importante e significativo<\/em>\u201d.<\/span><\/span><\/p>\n","protected":false},"excerpt":{"rendered":"<p>\u00a0Anche l&#8217;Universit\u00e0 di Messina strizza l&#8217;occhio alla differenziata: infatti, nell\u2019ambito di un apposito protocollo d\u2019intesa siglato con Messina Servizi Bene Comune, l&#8217;Ateneo peloritano ha realizzato il progetto &#8220;Unime Differenzia&#8221; al fine di raggiungere un obiettivo ben preciso: contribuire concretamente nella diffusione della cultura della raccolta differenziata nella citt\u00e0 di Messina. Il nuovo percorso di qualificazione [&hellip;]<\/p>\n","protected":false},"author":8,"featured_media":30828,"comment_status":"closed","ping_status":"open","sticky":false,"template":"","format":"standard","meta":{"ub_ctt_via":"","_mi_skip_tracking":false},"categories":[7],"tags":[],"featured_image_src":"https:\/\/www.messinaoggi.it\/website\/wp-content\/uploads\/2019\/03\/presentazione-Unime-Differenzia-1.jpg","author_info":{"display_name":"red..me","author_link":"https:\/\/www.messinaoggi.it\/website\/author\/redstage\/"},"digistream_id":0,"digistream":false,"_links":{"self":[{"href":"https:\/\/www.messinaoggi.it\/website\/wp-json\/wp\/v2\/posts\/30823"}],"collection":[{"href":"https:\/\/www.messinaoggi.it\/website\/wp-json\/wp\/v2\/posts"}],"about":[{"href":"https:\/\/www.messinaoggi.it\/website\/wp-json\/wp\/v2\/types\/post"}],"author":[{"embeddable":true,"href":"https:\/\/www.messinaoggi.it\/website\/wp-json\/wp\/v2\/users\/8"}],"replies":[{"embeddable":true,"href":"https:\/\/www.messinaoggi.it\/website\/wp-json\/wp\/v2\/comments?post=30823"}],"version-history":[{"count":0,"href":"https:\/\/www.messinaoggi.it\/website\/wp-json\/wp\/v2\/posts\/30823\/revisions"}],"wp:featuredmedia":[{"embeddable":true,"href":"https:\/\/www.messinaoggi.it\/website\/wp-json\/wp\/v2\/media\/30828"}],"wp:attachment":[{"href":"https:\/\/www.messinaoggi.it\/website\/wp-json\/wp\/v2\/media?parent=30823"}],"wp:term":[{"taxonomy":"category","embeddable":true,"href":"https:\/\/www.messinaoggi.it\/website\/wp-json\/wp\/v2\/categories?post=30823"},{"taxonomy":"post_tag","embeddable":true,"href":"https:\/\/www.messinaoggi.it\/website\/wp-json\/wp\/v2\/tags?post=30823"}],"curies":[{"name":"wp","href":"https:\/\/api.w.org\/{rel}","templated":true}]}}