{"id":3082,"date":"2017-06-19T15:21:12","date_gmt":"2017-06-19T13:21:12","guid":{"rendered":"http:\/\/www.messinaoggi.it\/website\/?p=3082"},"modified":"2017-06-19T15:21:12","modified_gmt":"2017-06-19T13:21:12","slug":"migranti-11mila-firme-contro-la-bossi-fini-gazebo-anche-a-messina","status":"publish","type":"post","link":"https:\/\/www.messinaoggi.it\/website\/2017\/06\/19\/migranti-11mila-firme-contro-la-bossi-fini-gazebo-anche-a-messina\/","title":{"rendered":"Migranti: 11mila firme contro la Bossi-Fini, gazebo anche a Messina"},"content":{"rendered":"<p>Da oggi fino al 25 giugno, in occasione della Giornata mondiale del rifugiato, il comitato promotore della campagna &#8220;Ero straniero &#8211; L&#8217;umanit\u00e0 che fa bene&#8221; lancia in tutta Italia la &#8220;Ero straniero Week&#8221;: una settimana di raccolta firme straordinaria sulla legge di iniziativa popolare per cambiare le politiche sull&#8217;immigrazione e superare la legge Bossi-Fini investendo su lavoro e inclusione.<br \/>\nI cittadini potranno firmare in decine di grandi citt\u00e0, come Bari, Bergamo, Bologna, Cagliari, Caserta, Catanzaro, Ferrara, Firenze, Foggia, Grosseto,\u00a0Messina, Milano, Napoli, Padova, Parma, Perugia, Roma, Taranto, Torino, Trento, Varese, Venezia e in comuni pi\u00f9 piccoli in tutta Italia.<br \/>\nTantissimi i banchetti che saranno allestiti nelle piazze dalle organizzazioni promotrici per spingere l&#8217;acceleratore della campagna e avvicinarsi il pi\u00f9 possibile al traguardo delle 50 mila firme da raggiungere in sei mesi per portare la legge all&#8217;attenzione del parlamento (qui: http:\/\/www.radicali.it\/ero-straniero\/e sulla pagina Fb della campagna l&#8217;elenco dei tavoli giorno per giorno).<br \/>\nLa campagna &#8220;Ero straniero &#8211; L&#8217;umanit\u00e0 che fa bene&#8221; \u00e8 promossa da Radicali Italiani con Emma Bonino, Fondazione Casa della carit\u00e0 &#8220;Angelo Abriani&#8221;, ACLI, ARCI, ASGI, Centro Astalli, CNCA, A Buon Diritto, CILD e il supporto di un&#8217;ampia rete che conta gi\u00e0 oltre 120 sindaci.<br \/>\nSono gi\u00e0 11mila le firme raccolte in questo primo mese sulla legge che prevede, in sintesi, l&#8217;introduzione di canali diversificati di ingresso per lavoro, forme di regolarizzazione su base individuale degli stranieri gi\u00e0 radicati nel territorio, misure per l&#8217;inclusione sociale e lavorativa di richiedenti asilo e rifugiati, l&#8217;effettiva partecipazione alla vita democratica col voto amministrativo e l&#8217;abolizione del reato di clandestinit\u00e0.<div id=\"div-gpt-ad-Messinaoggi.it-DSK-300x250-corpoart\" style=\"text-align:center;margin:0 auto;\"><\/div><\/p>\n<div id=\"videoincontent\" style=\"clear:both\";><\/div>","protected":false},"excerpt":{"rendered":"<p>Da oggi fino al 25 giugno, in occasione della Giornata mondiale del rifugiato, il comitato promotore della campagna &#8220;Ero straniero &#8211; L&#8217;umanit\u00e0 che fa bene&#8221; lancia in tutta Italia la &#8220;Ero straniero Week&#8221;: una settimana di raccolta firme straordinaria sulla legge di iniziativa popolare per cambiare le politiche sull&#8217;immigrazione e superare la legge Bossi-Fini investendo [&hellip;]<\/p>\n","protected":false},"author":2,"featured_media":1551,"comment_status":"closed","ping_status":"open","sticky":false,"template":"","format":"standard","meta":{"ub_ctt_via":"","_mi_skip_tracking":false},"categories":[11],"tags":[],"featured_image_src":"https:\/\/www.messinaoggi.it\/website\/wp-content\/uploads\/2017\/06\/Migranti-in-fila-2.jpg","author_info":{"display_name":"Redazione","author_link":"https:\/\/www.messinaoggi.it\/website\/author\/redazione\/"},"digistream_id":0,"digistream":false,"_links":{"self":[{"href":"https:\/\/www.messinaoggi.it\/website\/wp-json\/wp\/v2\/posts\/3082"}],"collection":[{"href":"https:\/\/www.messinaoggi.it\/website\/wp-json\/wp\/v2\/posts"}],"about":[{"href":"https:\/\/www.messinaoggi.it\/website\/wp-json\/wp\/v2\/types\/post"}],"author":[{"embeddable":true,"href":"https:\/\/www.messinaoggi.it\/website\/wp-json\/wp\/v2\/users\/2"}],"replies":[{"embeddable":true,"href":"https:\/\/www.messinaoggi.it\/website\/wp-json\/wp\/v2\/comments?post=3082"}],"version-history":[{"count":0,"href":"https:\/\/www.messinaoggi.it\/website\/wp-json\/wp\/v2\/posts\/3082\/revisions"}],"wp:featuredmedia":[{"embeddable":true,"href":"https:\/\/www.messinaoggi.it\/website\/wp-json\/wp\/v2\/media\/1551"}],"wp:attachment":[{"href":"https:\/\/www.messinaoggi.it\/website\/wp-json\/wp\/v2\/media?parent=3082"}],"wp:term":[{"taxonomy":"category","embeddable":true,"href":"https:\/\/www.messinaoggi.it\/website\/wp-json\/wp\/v2\/categories?post=3082"},{"taxonomy":"post_tag","embeddable":true,"href":"https:\/\/www.messinaoggi.it\/website\/wp-json\/wp\/v2\/tags?post=3082"}],"curies":[{"name":"wp","href":"https:\/\/api.w.org\/{rel}","templated":true}]}}