{"id":30767,"date":"2019-03-23T11:49:48","date_gmt":"2019-03-23T10:49:48","guid":{"rendered":"http:\/\/www.messinaoggi.it\/website\/?p=30767"},"modified":"2019-03-23T11:49:48","modified_gmt":"2019-03-23T10:49:48","slug":"la-nuova-segreteria-della-funzione-pubblica-cgil","status":"publish","type":"post","link":"https:\/\/www.messinaoggi.it\/website\/2019\/03\/23\/la-nuova-segreteria-della-funzione-pubblica-cgil\/","title":{"rendered":"La nuova Segreteria della Funzione pubblica Cgil"},"content":{"rendered":"<p style=\"text-align: justify;\">La Funzione Pubblica della Cgil Messina ha una nuova segreteria. Si \u00e8 tenuta presso il saloncino della Camera del lavoro di Messina, l\u2019elezione della segreteria provinciale della FP CGIL di Messina, alla presenza della Segretaria nazionale Serena Sorrentino, del segretario regionale Gaetano Agliozzo e dal segretario della Camera del lavoro, Giovanni Mastroeni.<div id=\"div-gpt-ad-Messinaoggi.it-DSK-300x250-corpoart\" style=\"text-align:center;margin:0 auto;\"><\/div><\/p>\n<p style=\"text-align: justify;\">Dopo i lavori congressuali dello scorso 12 ottobre che hanno portato all\u2019elezione di Francesco Fucile quale Segretario Generale della federazione dei lavoratori del pubblico impiego, nella giornata di oggi, alla presenza della segretaria nazionale della FP, Serena Sorrentino, sono stati eletti tutti i componenti dell\u2019organismo provinciale che affiancheranno per il segretario generale: Elena De Pasquale, Nino Pizzino, Tiziana Ruggeri, Antonio Trino. \u00abNegli ultimi mesi \u2013 ha affermato il segretario generale della FP di Messina Francesco Fucile \u2013 la categoria ha attraversato dei momenti molto critici ma nonostante le difficolt\u00e0 il gruppo \u00e8 rimasto compatto e pi\u00f9 forte di prima. La votazione, unanime, su 60 votanti 60 voti favorevoli, che oggi ha portato all\u2019elezione della segretaria, ne \u00e8 la conferma. Si prospettano fasi sicuramente molto impegnative, sotto tutti i punti di vista, ma con la collaborazione reciproca e la condivisione delle scelte tutto verr\u00e0 affrontato con pi\u00f9 facilit\u00e0. I criteri scelti per l\u2019individuazione dei componenti della segreteria sono stati diversi: un criterio di genere, un criterio generazionale e un criterio per la valutazione delle competenze ed esperienze\u00bb.<div id=\"videoincontent\" style=\"clear:both\";><\/div><\/p>\n<p style=\"text-align: justify;\">Ampia analisi sulla situazione, provinciale e nazionale, che interessa la FP CGIL \u00e8 stata effettuata dalla segretaria Serena Sorrentino, che ha evidenziato \u00abla necessit\u00e0, oggi pi\u00f9 che mai, di rivendicare di fronte ai lavoratori, che sono gli unici a poter giudicare il nostro operato, le battaglie e i risultati che quotidianamente portiamo avanti a tutela dei loro interessi. Non dobbiamo mai dimenticare \u2013 ha concluso la Sorrentino \u2013 il ruolo, fondamentale, del sindacato, che \u00e8 quello di rimanere autonomo rispetto alla politica e di avere chiaro chi sono le nostre controparti.<\/p>\n","protected":false},"excerpt":{"rendered":"<p>La Funzione Pubblica della Cgil Messina ha una nuova segreteria. Si \u00e8 tenuta presso il saloncino della Camera del lavoro di Messina, l\u2019elezione della segreteria provinciale della FP CGIL di Messina, alla presenza della Segretaria nazionale Serena Sorrentino, del segretario regionale Gaetano Agliozzo e dal segretario della Camera del lavoro, Giovanni Mastroeni. Dopo i lavori [&hellip;]<\/p>\n","protected":false},"author":2,"featured_media":30768,"comment_status":"closed","ping_status":"open","sticky":false,"template":"","format":"standard","meta":{"ub_ctt_via":"","_mi_skip_tracking":false},"categories":[5],"tags":[],"featured_image_src":"https:\/\/www.messinaoggi.it\/website\/wp-content\/uploads\/2019\/03\/IMG_0362.jpg","author_info":{"display_name":"Redazione","author_link":"https:\/\/www.messinaoggi.it\/website\/author\/redazione\/"},"digistream_id":0,"digistream":false,"_links":{"self":[{"href":"https:\/\/www.messinaoggi.it\/website\/wp-json\/wp\/v2\/posts\/30767"}],"collection":[{"href":"https:\/\/www.messinaoggi.it\/website\/wp-json\/wp\/v2\/posts"}],"about":[{"href":"https:\/\/www.messinaoggi.it\/website\/wp-json\/wp\/v2\/types\/post"}],"author":[{"embeddable":true,"href":"https:\/\/www.messinaoggi.it\/website\/wp-json\/wp\/v2\/users\/2"}],"replies":[{"embeddable":true,"href":"https:\/\/www.messinaoggi.it\/website\/wp-json\/wp\/v2\/comments?post=30767"}],"version-history":[{"count":0,"href":"https:\/\/www.messinaoggi.it\/website\/wp-json\/wp\/v2\/posts\/30767\/revisions"}],"wp:featuredmedia":[{"embeddable":true,"href":"https:\/\/www.messinaoggi.it\/website\/wp-json\/wp\/v2\/media\/30768"}],"wp:attachment":[{"href":"https:\/\/www.messinaoggi.it\/website\/wp-json\/wp\/v2\/media?parent=30767"}],"wp:term":[{"taxonomy":"category","embeddable":true,"href":"https:\/\/www.messinaoggi.it\/website\/wp-json\/wp\/v2\/categories?post=30767"},{"taxonomy":"post_tag","embeddable":true,"href":"https:\/\/www.messinaoggi.it\/website\/wp-json\/wp\/v2\/tags?post=30767"}],"curies":[{"name":"wp","href":"https:\/\/api.w.org\/{rel}","templated":true}]}}