{"id":30762,"date":"2019-03-23T10:46:31","date_gmt":"2019-03-23T09:46:31","guid":{"rendered":"http:\/\/www.messinaoggi.it\/website\/?p=30762"},"modified":"2019-03-23T10:46:31","modified_gmt":"2019-03-23T09:46:31","slug":"citta-plurale-contro-la-violenza-ai-danni-di-un-militante","status":"publish","type":"post","link":"https:\/\/www.messinaoggi.it\/website\/2019\/03\/23\/citta-plurale-contro-la-violenza-ai-danni-di-un-militante\/","title":{"rendered":"Citt\u00e0 plurale contro la violenza ai danni di un militante"},"content":{"rendered":"<p style=\"text-align: justify;\">Un appello ai partiti ed alle forze politiche affinch\u00e9 non minimizzino e non strumentalizzino un atto di estrema violenza come quello perpetrato ad un giovane militante politico davanti ad una scuola di Catania.<div id=\"div-gpt-ad-Messinaoggi.it-DSK-300x250-corpoart\" style=\"text-align:center;margin:0 auto;\"><\/div><\/p>\n<p style=\"text-align: justify;\">\u201cNon vogliamo rivivere i giorni violenti degli anni di piombo che hanno portato violenza e morte di giovani ragazzi solo perch\u00e9 esprimevano una posizione politica.\u201cRivolgiamo un appello a tutte le forze politiche affinch\u00e9 condannino senza giustificazione e senza strumentalizzazione qualsiasi forma di violenza perpetrata soprattutto a danno di giovani che credono ad una idea\u201d.<div id=\"videoincontent\" style=\"clear:both\";><\/div><\/p>\n<p style=\"text-align: justify;\">Questo sostanzialmente il comunicato diffuso dall\u2019Associazione Citt\u00e0 Plurale &#8211; Comunit\u00e0 Militante di Messina.<\/p>\n<p style=\"text-align: justify;\">\u201cLa \u201ccolpa\u201d della vittima, Enrico Maccarone di 18 anni &#8211; continua il comunicato -\u00e8 stata quella di riconoscersi in una parte politica. Cos\u00ec, mentre stava volantinando fuori dalla sua scuola, un gruppo di trenta attivisti lo ha aggredito a pugni e colpi di casco sul viso.<br \/>\nUna scena inquietante che avrebbe potuto avere ben altre drammatiche conseguenze sul giovane che alla fine del raid \u00e8 ridotto ad una maschera di sangue con uno zigomo fratturato e lesioni agli occhi e alle orecchie\u201d<br \/>\n\u201cAbbiamo il dovere \u2013 dichiarano le associazioni &#8211; di garantire la libert\u00e0 di espressione politica.\u201d.<br \/>\n\u201cNoi che quotidianamente siamo impegnati nella vita politica, culturale e sociale cittadina temiamo per i nostri militanti e soprattutto temiamo si inneschi una spirale di violenza che sarebbe poi difficile fermare\u201d<br \/>\n\u201cChi tenta di giustificare \u2013 conclude il comunicato &#8211; o di relegare la vicenda all\u2019azione di qualche \u2018balordo\u2019 \u00e8 colluso ed \u00e8 soprattutto un istigatore alla violenza e ne \u00e8 anch\u2019esso diretto responsabile\u201d.<\/p>\n","protected":false},"excerpt":{"rendered":"<p>Un appello ai partiti ed alle forze politiche affinch\u00e9 non minimizzino e non strumentalizzino un atto di estrema violenza come quello perpetrato ad un giovane militante politico davanti ad una scuola di Catania. \u201cNon vogliamo rivivere i giorni violenti degli anni di piombo che hanno portato violenza e morte di giovani ragazzi solo perch\u00e9 esprimevano [&hellip;]<\/p>\n","protected":false},"author":2,"featured_media":29958,"comment_status":"closed","ping_status":"open","sticky":false,"template":"","format":"standard","meta":{"ub_ctt_via":"","_mi_skip_tracking":false},"categories":[11],"tags":[],"featured_image_src":"https:\/\/www.messinaoggi.it\/website\/wp-content\/uploads\/2019\/02\/B91933D9-C329-4399-9EF0-17BBDFD44288.jpeg","author_info":{"display_name":"Redazione","author_link":"https:\/\/www.messinaoggi.it\/website\/author\/redazione\/"},"digistream_id":0,"digistream":false,"_links":{"self":[{"href":"https:\/\/www.messinaoggi.it\/website\/wp-json\/wp\/v2\/posts\/30762"}],"collection":[{"href":"https:\/\/www.messinaoggi.it\/website\/wp-json\/wp\/v2\/posts"}],"about":[{"href":"https:\/\/www.messinaoggi.it\/website\/wp-json\/wp\/v2\/types\/post"}],"author":[{"embeddable":true,"href":"https:\/\/www.messinaoggi.it\/website\/wp-json\/wp\/v2\/users\/2"}],"replies":[{"embeddable":true,"href":"https:\/\/www.messinaoggi.it\/website\/wp-json\/wp\/v2\/comments?post=30762"}],"version-history":[{"count":0,"href":"https:\/\/www.messinaoggi.it\/website\/wp-json\/wp\/v2\/posts\/30762\/revisions"}],"wp:featuredmedia":[{"embeddable":true,"href":"https:\/\/www.messinaoggi.it\/website\/wp-json\/wp\/v2\/media\/29958"}],"wp:attachment":[{"href":"https:\/\/www.messinaoggi.it\/website\/wp-json\/wp\/v2\/media?parent=30762"}],"wp:term":[{"taxonomy":"category","embeddable":true,"href":"https:\/\/www.messinaoggi.it\/website\/wp-json\/wp\/v2\/categories?post=30762"},{"taxonomy":"post_tag","embeddable":true,"href":"https:\/\/www.messinaoggi.it\/website\/wp-json\/wp\/v2\/tags?post=30762"}],"curies":[{"name":"wp","href":"https:\/\/api.w.org\/{rel}","templated":true}]}}