{"id":30743,"date":"2019-03-22T10:51:38","date_gmt":"2019-03-22T09:51:38","guid":{"rendered":"http:\/\/www.messinaoggi.it\/website\/?p=30743"},"modified":"2019-03-22T10:51:38","modified_gmt":"2019-03-22T09:51:38","slug":"meto-fine-settimana-mite-da-lunedi-rinfresca","status":"publish","type":"post","link":"https:\/\/www.messinaoggi.it\/website\/2019\/03\/22\/meto-fine-settimana-mite-da-lunedi-rinfresca\/","title":{"rendered":"Meteo, fine settimana mite. Da luned\u00ec rinfresca"},"content":{"rendered":"<p>Come ampiamente preconizzato e vaticinato, il messinese non \u00e8 mai stato l&#8217;obiettivo principale della debole goccia fredda arenatasi in Tunisia, in ulteriore depotenziamento.<br \/>\nUn sistema convettivo alla mesoscala strutturato in V-Shaped autogenerante ha sfogato la sua energia sul Canale, per poi dirigersi verso il lembo meridionale siculo, perdendo buona parte della sua potenza, come \u00e8 normale che sia.<br \/>\nOggi, l&#8217;epicentro convettivo rinculer\u00e0 di almeno 200 km, lasciando la Sicilia sudorientale sotto una sterile coltre stratiforme, poich\u00e8 il debole perno depressionario tender\u00e0 ad assottigliarsi e rifugiarsi sull&#8217;entroterra tunisino, divenendo sempre pi\u00f9 impotente.<br \/>\nSuddetto decadimento depressionario dar\u00e0 modo all&#8217;anticiclone delle Azzorre di riproporre la sua impostazione stabilizzante, senza ambizioni torride.<br \/>\nCon questo quadro cosi confortante, il week end sar\u00e0 rasserenato dal campo altopressio ben stirato zonalmente, i cui massimi di gpt saranno centrati sulla Mittle Europa.<br \/>\nTutto il messinese riassaporer\u00e0 una eccellente stabilit\u00e0 atmosferica, con cielo prevalentemente terso, ottima visibilit\u00e0 e i consueti cumuli vaganti di bel tempo.<br \/>\nI venti spireranno a regime di zefiro, con predominanza del grecale (NE), mantenendo tutti i nostri bacini in condizioni idonee per una tonificante\/ salutare balneazione.<br \/>\nLa temperatura risalir\u00e0 di qualche grado, mantenendosi in perfetta media stagionale, oscillando dagli 11\u00b0 di minima ai 17\u00b0 registrati all&#8217;ombra. Ampia escursione termica dovuta essenzialmente all&#8217;assenza di nuvolosit\u00e0. Il tasso dell&#8217;Ur far\u00e0 segnare valori medi compresi fra il 40 e il 75%.<br \/>\nLe tendenze del tempo a medio termine prefigurano la resistenza del campo barico almeno fino a martedi. Cieli poco nuvolosi e clima da inizio primavera, mentre da mercoledi potrebbero tornare piogge sparse e intermittenti, qualche rovescio al pi\u00f9 localmente moderato e un avvertibile calo termico quantificabile in almeno 5\u00b0. Tutto nella norma, dobbiamo abituarci alla volubilit\u00e0 della primavera, una stagione che non consacra MAI l&#8217;avvio della bella stagione. Una bella stagione piuttosto zoppicante. Un grazie di cuore e arrivederci.<br \/>\nAlessio Campobello<br \/>\n <div id=\"div-gpt-ad-Messinaoggi.it-DSK-300x250-corpoart\" style=\"text-align:center;margin:0 auto;\"><\/div><\/p>\n<div id=\"videoincontent\" style=\"clear:both\";><\/div>","protected":false},"excerpt":{"rendered":"<p>Come ampiamente preconizzato e vaticinato, il messinese non \u00e8 mai stato l&#8217;obiettivo principale della debole goccia fredda arenatasi in Tunisia, in ulteriore depotenziamento. Un sistema convettivo alla mesoscala strutturato in V-Shaped autogenerante ha sfogato la sua energia sul Canale, per poi dirigersi verso il lembo meridionale siculo, perdendo buona parte della sua potenza, come \u00e8 [&hellip;]<\/p>\n","protected":false},"author":2,"featured_media":30744,"comment_status":"closed","ping_status":"open","sticky":false,"template":"","format":"standard","meta":{"ub_ctt_via":"","_mi_skip_tracking":false},"categories":[11],"tags":[],"featured_image_src":"https:\/\/www.messinaoggi.it\/website\/wp-content\/uploads\/2019\/03\/7E135173-B1A7-4331-9B99-C941108AC946.gif","author_info":{"display_name":"Redazione","author_link":"https:\/\/www.messinaoggi.it\/website\/author\/redazione\/"},"digistream_id":0,"digistream":false,"_links":{"self":[{"href":"https:\/\/www.messinaoggi.it\/website\/wp-json\/wp\/v2\/posts\/30743"}],"collection":[{"href":"https:\/\/www.messinaoggi.it\/website\/wp-json\/wp\/v2\/posts"}],"about":[{"href":"https:\/\/www.messinaoggi.it\/website\/wp-json\/wp\/v2\/types\/post"}],"author":[{"embeddable":true,"href":"https:\/\/www.messinaoggi.it\/website\/wp-json\/wp\/v2\/users\/2"}],"replies":[{"embeddable":true,"href":"https:\/\/www.messinaoggi.it\/website\/wp-json\/wp\/v2\/comments?post=30743"}],"version-history":[{"count":0,"href":"https:\/\/www.messinaoggi.it\/website\/wp-json\/wp\/v2\/posts\/30743\/revisions"}],"wp:featuredmedia":[{"embeddable":true,"href":"https:\/\/www.messinaoggi.it\/website\/wp-json\/wp\/v2\/media\/30744"}],"wp:attachment":[{"href":"https:\/\/www.messinaoggi.it\/website\/wp-json\/wp\/v2\/media?parent=30743"}],"wp:term":[{"taxonomy":"category","embeddable":true,"href":"https:\/\/www.messinaoggi.it\/website\/wp-json\/wp\/v2\/categories?post=30743"},{"taxonomy":"post_tag","embeddable":true,"href":"https:\/\/www.messinaoggi.it\/website\/wp-json\/wp\/v2\/tags?post=30743"}],"curies":[{"name":"wp","href":"https:\/\/api.w.org\/{rel}","templated":true}]}}