{"id":30740,"date":"2019-03-22T10:31:04","date_gmt":"2019-03-22T09:31:04","guid":{"rendered":"http:\/\/www.messinaoggi.it\/website\/?p=30740"},"modified":"2019-03-22T10:31:04","modified_gmt":"2019-03-22T09:31:04","slug":"scontro-alla-camera-sulla-baraccopoli-siracusano-contro-ms5-dramma-messinese","status":"publish","type":"post","link":"https:\/\/www.messinaoggi.it\/website\/2019\/03\/22\/scontro-alla-camera-sulla-baraccopoli-siracusano-contro-ms5-dramma-messinese\/","title":{"rendered":"Scontro alla Camera sulla Baraccopoli, Siracusano contro Ms5: &quot;Dramma messinese&quot;"},"content":{"rendered":"<p>&#8220;Un odg non \u00e8 la risoluzione definitiva del problema della Baraccopoli, ma votare contro un atto parlamentare d\u2019indirizzo dimostra che da parte del Governo non c\u2019\u00e8 neanche l\u2019intenzione di risolvere l\u2019emergenza. Ai colleghi del M5S d\u00f2 una notizia: le baracche non sono solo di Cateno De Luca o di un partito, sono un dramma che affligge tutti noi messinesi. Perch\u00e9 non chiedete ai bambini che vivono nelle capanne con i tetti di amianto se non avvertano il perenne stato d\u2019emergenza, con i topi che escono fuori dai gabinetti? Se questa non \u00e8 emergenza, cosa \u00e8? Cos\u00ec replica la deputata di Forza Italia alla Camera, on. Matilde Siracusano, alle dichiarazioni dei Portavoce messinesi del M5S, a seguito della bocciatura del suo ordine del giorno sul reddito di cittadinanza per gli abitanti delle baracche di Messina\u201d.<br \/>\n\u201c\u00c8 deludente constatare &#8211; conclude la parlamentare &#8211;\u00a0 che qualsiasi atto sulla Baraccopoli da me portato in Parlamento, sia cassato a prescindere, per evidenti contrapposizioni politiche. Invece che stare tutti sulla stessa barca per il bene di Messina, si ostacola il Sindaco che in prima persona si sta spendendo con coraggio, mettendoci la faccia\u201d.<div id=\"div-gpt-ad-Messinaoggi.it-DSK-300x250-corpoart\" style=\"text-align:center;margin:0 auto;\"><\/div><\/p>\n<div id=\"videoincontent\" style=\"clear:both\";><\/div>","protected":false},"excerpt":{"rendered":"<p>&#8220;Un odg non \u00e8 la risoluzione definitiva del problema della Baraccopoli, ma votare contro un atto parlamentare d\u2019indirizzo dimostra che da parte del Governo non c\u2019\u00e8 neanche l\u2019intenzione di risolvere l\u2019emergenza. Ai colleghi del M5S d\u00f2 una notizia: le baracche non sono solo di Cateno De Luca o di un partito, sono un dramma che [&hellip;]<\/p>\n","protected":false},"author":15,"featured_media":11575,"comment_status":"closed","ping_status":"open","sticky":false,"template":"","format":"standard","meta":{"ub_ctt_via":"","_mi_skip_tracking":false},"categories":[4],"tags":[],"featured_image_src":"https:\/\/www.messinaoggi.it\/website\/wp-content\/uploads\/2017\/11\/baracche-vista-dallalto-messina-messinoggi.jpeg","author_info":{"display_name":"red.me","author_link":"https:\/\/www.messinaoggi.it\/website\/author\/red-me\/"},"digistream_id":0,"digistream":false,"_links":{"self":[{"href":"https:\/\/www.messinaoggi.it\/website\/wp-json\/wp\/v2\/posts\/30740"}],"collection":[{"href":"https:\/\/www.messinaoggi.it\/website\/wp-json\/wp\/v2\/posts"}],"about":[{"href":"https:\/\/www.messinaoggi.it\/website\/wp-json\/wp\/v2\/types\/post"}],"author":[{"embeddable":true,"href":"https:\/\/www.messinaoggi.it\/website\/wp-json\/wp\/v2\/users\/15"}],"replies":[{"embeddable":true,"href":"https:\/\/www.messinaoggi.it\/website\/wp-json\/wp\/v2\/comments?post=30740"}],"version-history":[{"count":0,"href":"https:\/\/www.messinaoggi.it\/website\/wp-json\/wp\/v2\/posts\/30740\/revisions"}],"wp:featuredmedia":[{"embeddable":true,"href":"https:\/\/www.messinaoggi.it\/website\/wp-json\/wp\/v2\/media\/11575"}],"wp:attachment":[{"href":"https:\/\/www.messinaoggi.it\/website\/wp-json\/wp\/v2\/media?parent=30740"}],"wp:term":[{"taxonomy":"category","embeddable":true,"href":"https:\/\/www.messinaoggi.it\/website\/wp-json\/wp\/v2\/categories?post=30740"},{"taxonomy":"post_tag","embeddable":true,"href":"https:\/\/www.messinaoggi.it\/website\/wp-json\/wp\/v2\/tags?post=30740"}],"curies":[{"name":"wp","href":"https:\/\/api.w.org\/{rel}","templated":true}]}}