{"id":30738,"date":"2019-03-18T21:00:41","date_gmt":"2019-03-18T20:00:41","guid":{"rendered":"http:\/\/www.messinaoggi.it\/website\/?p=30738"},"modified":"2019-03-18T21:00:41","modified_gmt":"2019-03-18T20:00:41","slug":"domenica-black-out-elettrico-al-policlinico-la-preoccupazione-di-scavello","status":"publish","type":"post","link":"https:\/\/www.messinaoggi.it\/website\/2019\/03\/18\/domenica-black-out-elettrico-al-policlinico-la-preoccupazione-di-scavello\/","title":{"rendered":"Black out elettrico al Policlinico, la preoccupazione di Scavello"},"content":{"rendered":"<p>\u201cA seguito delle notizie stampa relative al piano varato per fare fronte al black out elettrico che interesser\u00e0 il Policlinico G. Martino nella giornata di domenica 24, esprimo estrema preoccupazione \u2013 scrive il presidente della III Commissione consiliare Giovanni Scavello \u2013 in relazione alle direttive emanate dal Commissario straordinario dell\u2019A.O.U. che prevedono di dirottare i pazienti colpiti da ictus all\u2019Ao Garibaldi di Catania.<br \/>\nSulla base di quanto disposto si corre il pericolo di mettere a serio rischio l\u2019incolumit\u00e0 dei pazienti colpiti da ictus, considerato che si tratta di una patologia tempo-dipendente e che nella stessa citt\u00e0 sono operative due strutture provviste di UOC di Neurologia ed autorizzate al trattamento dell\u2019ictus con terapia fibrinolitica.<br \/>\nIn particolare viene espressa forte preoccupazione con riferimento alla emergenze non gestite attraverso il 118 ma che possono comportare l\u2019accompagnamento del degente con mezzi privati, circostanza questa che potrebbe comportare un perdita di tempo che potrebbe rivelarsi fatale per i pazienti.<br \/>\nIn ragione di ci\u00f2 ritengo opportuno, in qualit\u00e0 di presidente della III Commissione Igiene e Sanit\u00e0 del Comune di Messina, convocare per marted\u00ec 26 una seduta di Commissione in cui verranno invitati i direttori generali dei tre Nosocomi ed il responsabile del servizio 118 della citt\u00e0 al fine di comprendere le ragioni che hanno portato all\u2019adozione delle predette direttive\u201d.<div id=\"div-gpt-ad-Messinaoggi.it-DSK-300x250-corpoart\" style=\"text-align:center;margin:0 auto;\"><\/div><\/p>\n<div id=\"videoincontent\" style=\"clear:both\";><\/div>","protected":false},"excerpt":{"rendered":"<p>\u201cA seguito delle notizie stampa relative al piano varato per fare fronte al black out elettrico che interesser\u00e0 il Policlinico G. Martino nella giornata di domenica 24, esprimo estrema preoccupazione \u2013 scrive il presidente della III Commissione consiliare Giovanni Scavello \u2013 in relazione alle direttive emanate dal Commissario straordinario dell\u2019A.O.U. che prevedono di dirottare i [&hellip;]<\/p>\n","protected":false},"author":15,"featured_media":30739,"comment_status":"closed","ping_status":"open","sticky":false,"template":"","format":"standard","meta":{"ub_ctt_via":"","_mi_skip_tracking":false},"categories":[4],"tags":[],"featured_image_src":"https:\/\/www.messinaoggi.it\/website\/wp-content\/uploads\/2019\/03\/scavello-giovanni-presidente-III-Commissione-consiliare.jpg","author_info":{"display_name":"red.me","author_link":"https:\/\/www.messinaoggi.it\/website\/author\/red-me\/"},"digistream_id":0,"digistream":false,"_links":{"self":[{"href":"https:\/\/www.messinaoggi.it\/website\/wp-json\/wp\/v2\/posts\/30738"}],"collection":[{"href":"https:\/\/www.messinaoggi.it\/website\/wp-json\/wp\/v2\/posts"}],"about":[{"href":"https:\/\/www.messinaoggi.it\/website\/wp-json\/wp\/v2\/types\/post"}],"author":[{"embeddable":true,"href":"https:\/\/www.messinaoggi.it\/website\/wp-json\/wp\/v2\/users\/15"}],"replies":[{"embeddable":true,"href":"https:\/\/www.messinaoggi.it\/website\/wp-json\/wp\/v2\/comments?post=30738"}],"version-history":[{"count":0,"href":"https:\/\/www.messinaoggi.it\/website\/wp-json\/wp\/v2\/posts\/30738\/revisions"}],"wp:featuredmedia":[{"embeddable":true,"href":"https:\/\/www.messinaoggi.it\/website\/wp-json\/wp\/v2\/media\/30739"}],"wp:attachment":[{"href":"https:\/\/www.messinaoggi.it\/website\/wp-json\/wp\/v2\/media?parent=30738"}],"wp:term":[{"taxonomy":"category","embeddable":true,"href":"https:\/\/www.messinaoggi.it\/website\/wp-json\/wp\/v2\/categories?post=30738"},{"taxonomy":"post_tag","embeddable":true,"href":"https:\/\/www.messinaoggi.it\/website\/wp-json\/wp\/v2\/tags?post=30738"}],"curies":[{"name":"wp","href":"https:\/\/api.w.org\/{rel}","templated":true}]}}