{"id":30731,"date":"2019-03-21T17:45:04","date_gmt":"2019-03-21T16:45:04","guid":{"rendered":"http:\/\/www.messinaoggi.it\/website\/?p=30731"},"modified":"2019-03-21T17:45:04","modified_gmt":"2019-03-21T16:45:04","slug":"il-presidente-atm-nel-consiglio-direttivo-nazionale-di-asstra","status":"publish","type":"post","link":"https:\/\/www.messinaoggi.it\/website\/2019\/03\/21\/il-presidente-atm-nel-consiglio-direttivo-nazionale-di-asstra\/","title":{"rendered":"Il presidente Atm nel consiglio direttivo nazionale di Asstra"},"content":{"rendered":"<p class=\"p1\"><span class=\"s1\">Nel corso della riunione del Consiglio direttivo di Asstra nazionale, l\u2019associazione maggiormente rappresentativa delle aziende del Trasporto Pubblico Locale, tenutasi ieri a Roma, \u00e8 stata completata la squadra che affiancher\u00e0 nel prossimo quadriennio il neo presidente Andrea Gibelli. Per Asstra Sicilia \u00e8 stato nominato in Giunta esecutiva il presidente di ATM Messina Pippo Campagna che si aggiunge alla precedente nomina di Claudio Iozzi per il Gruppo SAIS Trasporti. Allo stesso Iozzi \u00e8 stata assegnata la delega ai rapporti interassociativi e con il territorio. Riconosciuto cos\u00ec il lavoro di Asstra Sicilia e delle aziende associate a tutela delle varie istanze del settore del Trasporto Pubblico Locale.<\/span><div id=\"div-gpt-ad-Messinaoggi.it-DSK-300x250-corpoart\" style=\"text-align:center;margin:0 auto;\"><\/div><\/p>\n<p class=\"p1\"><span class=\"s1\">Soddisfazione viene espressa dal network Asstra per l\u2019ingresso in Giunta nazionale, per la prima volta, di un rappresentante di un\u2019importante realt\u00e0 pubblica del territorio di Messina e di un rappresentante di un gruppo aziendale interamente a capitale privato, a testimonianza della grande sintonia tra i vari mondi esistenti nel settore, dove sempre pi\u00f9 assume importanza il ruolo industriale delle aziende e non per la natura pubblica o privata della propriet\u00e0.<\/span><div id=\"videoincontent\" style=\"clear:both\";><\/div><\/p>\n","protected":false},"excerpt":{"rendered":"<p>Nel corso della riunione del Consiglio direttivo di Asstra nazionale, l\u2019associazione maggiormente rappresentativa delle aziende del Trasporto Pubblico Locale, tenutasi ieri a Roma, \u00e8 stata completata la squadra che affiancher\u00e0 nel prossimo quadriennio il neo presidente Andrea Gibelli. Per Asstra Sicilia \u00e8 stato nominato in Giunta esecutiva il presidente di ATM Messina Pippo Campagna che [&hellip;]<\/p>\n","protected":false},"author":2,"featured_media":2168,"comment_status":"closed","ping_status":"open","sticky":false,"template":"","format":"standard","meta":{"ub_ctt_via":"","_mi_skip_tracking":false},"categories":[5],"tags":[],"featured_image_src":"https:\/\/www.messinaoggi.it\/website\/wp-content\/uploads\/2017\/06\/autobus-Atm-rossi-2.jpg","author_info":{"display_name":"Redazione","author_link":"https:\/\/www.messinaoggi.it\/website\/author\/redazione\/"},"digistream_id":0,"digistream":false,"_links":{"self":[{"href":"https:\/\/www.messinaoggi.it\/website\/wp-json\/wp\/v2\/posts\/30731"}],"collection":[{"href":"https:\/\/www.messinaoggi.it\/website\/wp-json\/wp\/v2\/posts"}],"about":[{"href":"https:\/\/www.messinaoggi.it\/website\/wp-json\/wp\/v2\/types\/post"}],"author":[{"embeddable":true,"href":"https:\/\/www.messinaoggi.it\/website\/wp-json\/wp\/v2\/users\/2"}],"replies":[{"embeddable":true,"href":"https:\/\/www.messinaoggi.it\/website\/wp-json\/wp\/v2\/comments?post=30731"}],"version-history":[{"count":0,"href":"https:\/\/www.messinaoggi.it\/website\/wp-json\/wp\/v2\/posts\/30731\/revisions"}],"wp:featuredmedia":[{"embeddable":true,"href":"https:\/\/www.messinaoggi.it\/website\/wp-json\/wp\/v2\/media\/2168"}],"wp:attachment":[{"href":"https:\/\/www.messinaoggi.it\/website\/wp-json\/wp\/v2\/media?parent=30731"}],"wp:term":[{"taxonomy":"category","embeddable":true,"href":"https:\/\/www.messinaoggi.it\/website\/wp-json\/wp\/v2\/categories?post=30731"},{"taxonomy":"post_tag","embeddable":true,"href":"https:\/\/www.messinaoggi.it\/website\/wp-json\/wp\/v2\/tags?post=30731"}],"curies":[{"name":"wp","href":"https:\/\/api.w.org\/{rel}","templated":true}]}}