{"id":30728,"date":"2019-03-21T15:41:34","date_gmt":"2019-03-21T14:41:34","guid":{"rendered":"http:\/\/www.messinaoggi.it\/website\/?p=30728"},"modified":"2019-03-21T15:41:34","modified_gmt":"2019-03-21T14:41:34","slug":"uil-alessandrino-entra-nel-consiglio-nazionale","status":"publish","type":"post","link":"https:\/\/www.messinaoggi.it\/website\/2019\/03\/21\/uil-alessandrino-entra-nel-consiglio-nazionale\/","title":{"rendered":"Uil, Alessandrino entra nel Consiglio nazionale"},"content":{"rendered":"<p>\u201cLa UIL Messina esprime profonda soddisfazione per la meritata elezione del messinese\u00a0Angelo Alessandrino, Segretario della UIL RUA (Ricerca, Universit\u00e1, Afam), nel Consiglio Universitario Nazionale. Infatti, Alessandrino, ottenendo\u00a0ben 1676 voti di preferenza,\u00a0\u00e8 stato eletto nella quota riservata al personale tecnico-amministrativo che \u00e8 composta da tre soli rappresentanti in tutto il territorio nazionale,\u201d lo ha affermato Ivan Tripodi, Segretario generale UIL Messina.<br \/>\n\u201cIl\u00a0CUN\u00a0\u00e8 un importante organo del\u00a0Ministero\u00a0dell\u2019Istruzione, dell\u2019Universit\u00e0 e\u00a0della Ricerca e ne fanno parte i\u00a0rappresentanti\u00a0eletti\u00a0da\u00a0tutte\u00a0le\u00a0componenti dell\u2019Universit\u00e0.\u00a0Il CUN ha il compito istituzionale di sviluppare la ricerca e la didattica, in un\u2019ottica di armonizzazione internazionale e in raccordo con l\u2019evoluzione legislativa in materia\u201d ha proseguito Tripodi.<br \/>\n\u201cL\u2019elezione di Angelo Alessandrino, invidiato dirigente sindacale della UIL, nel prestigioso organo ministeriale rappresenta un giusto riconoscimento a coronamento dei tanti sacrifici fatti ed \u00e8 una grande opportunit\u00e0 per portare ai pi\u00f9 alti tavoli Istituzionali le tante problematiche del personale tecnico-amministrativo. Inoltre, con un pizzico di orgoglio, possiamo affermare che il successo elettorale di Alessandrino \u00e8 un ulteriore premio per la coerente azione politico-sindacale che la UIL Messina, insieme a tutte le sue Categorie, sta portando avanti per il rilancio del nostro territorio\u201c ha concluso Ivan Tripodi, Segretario generale UIL Messina.<div id=\"div-gpt-ad-Messinaoggi.it-DSK-300x250-corpoart\" style=\"text-align:center;margin:0 auto;\"><\/div><\/p>\n<div id=\"videoincontent\" style=\"clear:both\";><\/div>","protected":false},"excerpt":{"rendered":"<p>\u201cLa UIL Messina esprime profonda soddisfazione per la meritata elezione del messinese\u00a0Angelo Alessandrino, Segretario della UIL RUA (Ricerca, Universit\u00e1, Afam), nel Consiglio Universitario Nazionale. Infatti, Alessandrino, ottenendo\u00a0ben 1676 voti di preferenza,\u00a0\u00e8 stato eletto nella quota riservata al personale tecnico-amministrativo che \u00e8 composta da tre soli rappresentanti in tutto il territorio nazionale,\u201d lo ha affermato Ivan [&hellip;]<\/p>\n","protected":false},"author":2,"featured_media":30729,"comment_status":"closed","ping_status":"open","sticky":false,"template":"","format":"standard","meta":{"ub_ctt_via":"","_mi_skip_tracking":false},"categories":[5],"tags":[],"featured_image_src":"https:\/\/www.messinaoggi.it\/website\/wp-content\/uploads\/2019\/03\/Foto-Alessandrino.jpg","author_info":{"display_name":"Redazione","author_link":"https:\/\/www.messinaoggi.it\/website\/author\/redazione\/"},"digistream_id":0,"digistream":false,"_links":{"self":[{"href":"https:\/\/www.messinaoggi.it\/website\/wp-json\/wp\/v2\/posts\/30728"}],"collection":[{"href":"https:\/\/www.messinaoggi.it\/website\/wp-json\/wp\/v2\/posts"}],"about":[{"href":"https:\/\/www.messinaoggi.it\/website\/wp-json\/wp\/v2\/types\/post"}],"author":[{"embeddable":true,"href":"https:\/\/www.messinaoggi.it\/website\/wp-json\/wp\/v2\/users\/2"}],"replies":[{"embeddable":true,"href":"https:\/\/www.messinaoggi.it\/website\/wp-json\/wp\/v2\/comments?post=30728"}],"version-history":[{"count":0,"href":"https:\/\/www.messinaoggi.it\/website\/wp-json\/wp\/v2\/posts\/30728\/revisions"}],"wp:featuredmedia":[{"embeddable":true,"href":"https:\/\/www.messinaoggi.it\/website\/wp-json\/wp\/v2\/media\/30729"}],"wp:attachment":[{"href":"https:\/\/www.messinaoggi.it\/website\/wp-json\/wp\/v2\/media?parent=30728"}],"wp:term":[{"taxonomy":"category","embeddable":true,"href":"https:\/\/www.messinaoggi.it\/website\/wp-json\/wp\/v2\/categories?post=30728"},{"taxonomy":"post_tag","embeddable":true,"href":"https:\/\/www.messinaoggi.it\/website\/wp-json\/wp\/v2\/tags?post=30728"}],"curies":[{"name":"wp","href":"https:\/\/api.w.org\/{rel}","templated":true}]}}