{"id":30725,"date":"2019-03-21T14:36:28","date_gmt":"2019-03-21T13:36:28","guid":{"rendered":"http:\/\/www.messinaoggi.it\/website\/?p=30725"},"modified":"2019-03-21T14:36:28","modified_gmt":"2019-03-21T13:36:28","slug":"acr-messina-la-societa-si-scusa-per-quanto-avvenuto-domenica","status":"publish","type":"post","link":"https:\/\/www.messinaoggi.it\/website\/2019\/03\/21\/acr-messina-la-societa-si-scusa-per-quanto-avvenuto-domenica\/","title":{"rendered":"Acr Messina, la societ\u00e0 si scusa per quanto avvenuto domenica"},"content":{"rendered":"<p class=\"p1\" style=\"text-align: justify;\"><span class=\"s1\">La societ\u00e0 Acr Messina, attraverso una nota, si rivolge ai rappresentanti della stampa, alla citt\u00e0 e ai tifosi chiedendo scusa per quanto avvenuto domenica pomeriggio al termine della gara negli spazi adibiti alle interviste e nella hall dello stadio Franco Scoglio.<\/span><div id=\"div-gpt-ad-Messinaoggi.it-DSK-300x250-corpoart\" style=\"text-align:center;margin:0 auto;\"><\/div><\/p>\n<p class=\"p1\" style=\"text-align: justify;\"><span class=\"s1\">\u00abPurtroppo la tensione dell\u2019evento sportivo \u00e8 stata una componente negativa nella gestione del post partita. Avevamo chiesto e ci sarebbe piaciuto poter condividere una nota congiunta con l\u2019altra societ\u00e0 ma cos\u00ec, purtroppo, non \u00e8 stato e quindi, da padroni di casa, ci sembra doveroso scusarsi con chi in quel momento stava svolgendo il proprio lavoro e con i nostri tifosi\u00bb.<\/span><div id=\"videoincontent\" style=\"clear:both\";><\/div><\/p>\n<p class=\"p1\" style=\"text-align: justify;\"><span class=\"s1\">Alla luce delle decisioni del Giudice Sportivo, inoltre, la societ\u00e0 \u00abdiffida chiunque ad accostare il nome di qualsiasi suo tesserato ad espressioni discriminatorie o frasi razziste. Il referto della terna arbitrale e le motivazioni del Giudice Sportivo parlano chiaro e la nostra societ\u00e0 ha un regolamento ed un codice etico firmato da tutti i tesserati. Diversamente saremo costretti a dare mandato ai nostri legali di tutelare il nome e la reputazione della societ\u00e0 e dei nostri tesserati\u00bb.\u00a0<\/span><\/p>\n","protected":false},"excerpt":{"rendered":"<p>La societ\u00e0 Acr Messina, attraverso una nota, si rivolge ai rappresentanti della stampa, alla citt\u00e0 e ai tifosi chiedendo scusa per quanto avvenuto domenica pomeriggio al termine della gara negli spazi adibiti alle interviste e nella hall dello stadio Franco Scoglio. \u00abPurtroppo la tensione dell\u2019evento sportivo \u00e8 stata una componente negativa nella gestione del post [&hellip;]<\/p>\n","protected":false},"author":2,"featured_media":29477,"comment_status":"closed","ping_status":"open","sticky":false,"template":"","format":"standard","meta":{"ub_ctt_via":"","_mi_skip_tracking":false},"categories":[10,9],"tags":[],"featured_image_src":"https:\/\/www.messinaoggi.it\/website\/wp-content\/uploads\/2019\/02\/image1.jpeg","author_info":{"display_name":"Redazione","author_link":"https:\/\/www.messinaoggi.it\/website\/author\/redazione\/"},"digistream_id":0,"digistream":false,"_links":{"self":[{"href":"https:\/\/www.messinaoggi.it\/website\/wp-json\/wp\/v2\/posts\/30725"}],"collection":[{"href":"https:\/\/www.messinaoggi.it\/website\/wp-json\/wp\/v2\/posts"}],"about":[{"href":"https:\/\/www.messinaoggi.it\/website\/wp-json\/wp\/v2\/types\/post"}],"author":[{"embeddable":true,"href":"https:\/\/www.messinaoggi.it\/website\/wp-json\/wp\/v2\/users\/2"}],"replies":[{"embeddable":true,"href":"https:\/\/www.messinaoggi.it\/website\/wp-json\/wp\/v2\/comments?post=30725"}],"version-history":[{"count":0,"href":"https:\/\/www.messinaoggi.it\/website\/wp-json\/wp\/v2\/posts\/30725\/revisions"}],"wp:featuredmedia":[{"embeddable":true,"href":"https:\/\/www.messinaoggi.it\/website\/wp-json\/wp\/v2\/media\/29477"}],"wp:attachment":[{"href":"https:\/\/www.messinaoggi.it\/website\/wp-json\/wp\/v2\/media?parent=30725"}],"wp:term":[{"taxonomy":"category","embeddable":true,"href":"https:\/\/www.messinaoggi.it\/website\/wp-json\/wp\/v2\/categories?post=30725"},{"taxonomy":"post_tag","embeddable":true,"href":"https:\/\/www.messinaoggi.it\/website\/wp-json\/wp\/v2\/tags?post=30725"}],"curies":[{"name":"wp","href":"https:\/\/api.w.org\/{rel}","templated":true}]}}