{"id":30724,"date":"2019-03-21T15:30:22","date_gmt":"2019-03-21T14:30:22","guid":{"rendered":"http:\/\/www.messinaoggi.it\/website\/?p=30724"},"modified":"2019-03-21T15:30:22","modified_gmt":"2019-03-21T14:30:22","slug":"avviati-progetti-a-salvaguardia-della-riserva-di-capo-peloro","status":"publish","type":"post","link":"https:\/\/www.messinaoggi.it\/website\/2019\/03\/21\/avviati-progetti-a-salvaguardia-della-riserva-di-capo-peloro\/","title":{"rendered":"Avviati progetti a salvaguardia della riserva di Capo Peloro"},"content":{"rendered":"<p>Si \u00e8 svolto a Palazzo dei Leoni, l&#8217;incontro tra l&#8217;assessore Carlotta Previti ed i funzionari dell&#8217;assessorato al Territorio e Ambiente della Regione Sicilia, Massimo Rizzuto e Giuseppe Sabatino, sul bando azione 6.5.1 &#8211; Azioni Previste nei Piani di Gestione di Rete Natura 2000 &#8211; PO Fesr 2014-2020, alla presenza dei sindaci del territorio della Citt\u00e0 Metropolitana di Messina.<br \/>\nL&#8217;assessore Previti ha illustrato il progetto, in convenzione con la Citta metropolitana, per la salvaguardia della riserva naturale di Capo Peloro messa a rischio dai continui sversamenti di acque meteoriche provenienti dai complessi edilizi. I funzionari hanno prevalutato positivamente il progetto che ha tutti gli elementi per soddisfare i requisiti richiesti dal bando; il finanziamento richiesto \u00e8 di 4 milioni di euro.<br \/>\nLa Citt\u00e0 metropolitana completer\u00e0 l&#8217;azione rifacendo un piano di calpest\u00eco intorno al Lago grande laddove permeabile, al fine di tutelare l&#8217;habitat; inoltre sar\u00e0 posta anche una recinzione a tutela della pubblica incolumit\u00e0.<br \/>\nIl progetto prevede il convogliamento delle acque superficiali, che saranno trattate da impianti di prima pioggia e le acque verranno smaltite attraverso impianti di drenaggio: l&#8217;obiettivo sar\u00e0 quello di eliminare il problema dello sversamento delle acque ed evitare il ripetersi degli allagamenti intorno al Lago grande.<div id=\"div-gpt-ad-Messinaoggi.it-DSK-300x250-corpoart\" style=\"text-align:center;margin:0 auto;\"><\/div><\/p>\n<div id=\"videoincontent\" style=\"clear:both\";><\/div>","protected":false},"excerpt":{"rendered":"<p>Si \u00e8 svolto a Palazzo dei Leoni, l&#8217;incontro tra l&#8217;assessore Carlotta Previti ed i funzionari dell&#8217;assessorato al Territorio e Ambiente della Regione Sicilia, Massimo Rizzuto e Giuseppe Sabatino, sul bando azione 6.5.1 &#8211; Azioni Previste nei Piani di Gestione di Rete Natura 2000 &#8211; PO Fesr 2014-2020, alla presenza dei sindaci del territorio della Citt\u00e0 [&hellip;]<\/p>\n","protected":false},"author":15,"featured_media":15335,"comment_status":"closed","ping_status":"open","sticky":false,"template":"","format":"standard","meta":{"ub_ctt_via":"","_mi_skip_tracking":false},"categories":[5],"tags":[],"featured_image_src":"https:\/\/www.messinaoggi.it\/website\/wp-content\/uploads\/2018\/02\/lago-ganzirri-barche-ormeggiate-messinaoggiMR-1.jpg","author_info":{"display_name":"red.me","author_link":"https:\/\/www.messinaoggi.it\/website\/author\/red-me\/"},"digistream_id":0,"digistream":false,"_links":{"self":[{"href":"https:\/\/www.messinaoggi.it\/website\/wp-json\/wp\/v2\/posts\/30724"}],"collection":[{"href":"https:\/\/www.messinaoggi.it\/website\/wp-json\/wp\/v2\/posts"}],"about":[{"href":"https:\/\/www.messinaoggi.it\/website\/wp-json\/wp\/v2\/types\/post"}],"author":[{"embeddable":true,"href":"https:\/\/www.messinaoggi.it\/website\/wp-json\/wp\/v2\/users\/15"}],"replies":[{"embeddable":true,"href":"https:\/\/www.messinaoggi.it\/website\/wp-json\/wp\/v2\/comments?post=30724"}],"version-history":[{"count":0,"href":"https:\/\/www.messinaoggi.it\/website\/wp-json\/wp\/v2\/posts\/30724\/revisions"}],"wp:featuredmedia":[{"embeddable":true,"href":"https:\/\/www.messinaoggi.it\/website\/wp-json\/wp\/v2\/media\/15335"}],"wp:attachment":[{"href":"https:\/\/www.messinaoggi.it\/website\/wp-json\/wp\/v2\/media?parent=30724"}],"wp:term":[{"taxonomy":"category","embeddable":true,"href":"https:\/\/www.messinaoggi.it\/website\/wp-json\/wp\/v2\/categories?post=30724"},{"taxonomy":"post_tag","embeddable":true,"href":"https:\/\/www.messinaoggi.it\/website\/wp-json\/wp\/v2\/tags?post=30724"}],"curies":[{"name":"wp","href":"https:\/\/api.w.org\/{rel}","templated":true}]}}