{"id":30716,"date":"2019-03-21T10:57:39","date_gmt":"2019-03-21T09:57:39","guid":{"rendered":"http:\/\/www.messinaoggi.it\/website\/?p=30716"},"modified":"2019-03-21T10:57:39","modified_gmt":"2019-03-21T09:57:39","slug":"lasp-anticipa-le-indennita-per-i-disabili-gravi-la-paglia-mi-assumo-la-responsabilita","status":"publish","type":"post","link":"https:\/\/www.messinaoggi.it\/website\/2019\/03\/21\/lasp-anticipa-le-indennita-per-i-disabili-gravi-la-paglia-mi-assumo-la-responsabilita\/","title":{"rendered":"L&#039;Asp anticipa le indennit\u00e0 per i disabili gravi. La Paglia: &quot;Mi assumo la responsabilit\u00e0&quot;"},"content":{"rendered":"<p class=\"p1\"><span class=\"s1\">L&#8217;Assessorato Regionale per la Famiglia non ha ancora erogato alle aziende sanitarie provinciali le somme per le indennit\u00e0 da erogare mensilmente ai soggetti affetti da disabilit\u00e0 gravissima, relative all&#8217;anno 2019; per questo motivo gli aventi diritto non hanno percepito gli assegni dei primi mesi del corrente anno.<\/span><div id=\"div-gpt-ad-Messinaoggi.it-DSK-300x250-corpoart\" style=\"text-align:center;margin:0 auto;\"><\/div><\/p>\n<p class=\"p1\"><span class=\"s1\">&#8220;Venuto a conoscenza della problematica &#8211; afferma il Commissario Straordinario dell&#8217;ASP 5 Paolo la Paglia &#8211; mi sono assunto la responsabilit\u00e0 di anticipare le somme utilizzando i fondi del bilancio aziendale; i soggetti fragili necessitano di attenzione e sostegno ed \u00e8 fondamentale assicurare la continuit\u00e0 nell&#8217;erogazione delle indennit\u00e0. Ho pertanto dato mandato di effettuare i bonifici relativi ai mesi di Gennaio e Febbraio 2019.&#8221;<\/span><div id=\"videoincontent\" style=\"clear:both\";><\/div><\/p>\n<p class=\"p1\"><span class=\"s1\">Le somme verranno accreditati agli aventi diritto nei primi giorni della prossima settimana.<\/span><\/p>\n","protected":false},"excerpt":{"rendered":"<p>L&#8217;Assessorato Regionale per la Famiglia non ha ancora erogato alle aziende sanitarie provinciali le somme per le indennit\u00e0 da erogare mensilmente ai soggetti affetti da disabilit\u00e0 gravissima, relative all&#8217;anno 2019; per questo motivo gli aventi diritto non hanno percepito gli assegni dei primi mesi del corrente anno. &#8220;Venuto a conoscenza della problematica &#8211; afferma il [&hellip;]<\/p>\n","protected":false},"author":2,"featured_media":2164,"comment_status":"closed","ping_status":"open","sticky":false,"template":"","format":"standard","meta":{"ub_ctt_via":"","_mi_skip_tracking":false},"categories":[5],"tags":[],"featured_image_src":"https:\/\/www.messinaoggi.it\/website\/wp-content\/uploads\/2017\/06\/Asp-Messina-2.jpg","author_info":{"display_name":"Redazione","author_link":"https:\/\/www.messinaoggi.it\/website\/author\/redazione\/"},"digistream_id":0,"digistream":false,"_links":{"self":[{"href":"https:\/\/www.messinaoggi.it\/website\/wp-json\/wp\/v2\/posts\/30716"}],"collection":[{"href":"https:\/\/www.messinaoggi.it\/website\/wp-json\/wp\/v2\/posts"}],"about":[{"href":"https:\/\/www.messinaoggi.it\/website\/wp-json\/wp\/v2\/types\/post"}],"author":[{"embeddable":true,"href":"https:\/\/www.messinaoggi.it\/website\/wp-json\/wp\/v2\/users\/2"}],"replies":[{"embeddable":true,"href":"https:\/\/www.messinaoggi.it\/website\/wp-json\/wp\/v2\/comments?post=30716"}],"version-history":[{"count":0,"href":"https:\/\/www.messinaoggi.it\/website\/wp-json\/wp\/v2\/posts\/30716\/revisions"}],"wp:featuredmedia":[{"embeddable":true,"href":"https:\/\/www.messinaoggi.it\/website\/wp-json\/wp\/v2\/media\/2164"}],"wp:attachment":[{"href":"https:\/\/www.messinaoggi.it\/website\/wp-json\/wp\/v2\/media?parent=30716"}],"wp:term":[{"taxonomy":"category","embeddable":true,"href":"https:\/\/www.messinaoggi.it\/website\/wp-json\/wp\/v2\/categories?post=30716"},{"taxonomy":"post_tag","embeddable":true,"href":"https:\/\/www.messinaoggi.it\/website\/wp-json\/wp\/v2\/tags?post=30716"}],"curies":[{"name":"wp","href":"https:\/\/api.w.org\/{rel}","templated":true}]}}