{"id":30711,"date":"2019-03-21T10:54:48","date_gmt":"2019-03-21T09:54:48","guid":{"rendered":"http:\/\/www.messinaoggi.it\/website\/?p=30711"},"modified":"2019-03-21T10:54:48","modified_gmt":"2019-03-21T09:54:48","slug":"lutto-si-e-spento-il-prof-filippo-de-luca","status":"publish","type":"post","link":"https:\/\/www.messinaoggi.it\/website\/2019\/03\/21\/lutto-si-e-spento-il-prof-filippo-de-luca\/","title":{"rendered":"Lutto, si \u00e8 spento il prof. Filippo De Luca"},"content":{"rendered":"<p style=\"text-align: justify;\">Si \u00e8 spento improvvisamente il prof. Filippo De Luca, 69 anni, docente universitario, direttore dell&#8217;Unit\u00e0 operativa complessa di Pediatria del Policlinico di Messina. Una gravissima perdita per la comunit\u00e0 scientifica messinese: il prof. De Luca, di origini calabresi, ha frequentato ininterrottamente l&#8217;Universit\u00e0 di Messina, prima da studente in Medicina, poi da specializzando e da docente.<div id=\"div-gpt-ad-Messinaoggi.it-DSK-300x250-corpoart\" style=\"text-align:center;margin:0 auto;\"><\/div><\/p>\n<p style=\"text-align: justify;\">Una grande figura di riferimento per l&#8217;intera comunit\u00e0 scientifica messinese.<div id=\"videoincontent\" style=\"clear:both\";><\/div><\/p>\n<p style=\"text-align: justify;\">Alla famiglia De Luca e, in modo particolare ad Alberto (presidente della IV Circoscrizione), nostro caro amico vanno le condoglianze della redazione di messinaoggi.<\/p>\n","protected":false},"excerpt":{"rendered":"<p>Si \u00e8 spento improvvisamente il prof. Filippo De Luca, 69 anni, docente universitario, direttore dell&#8217;Unit\u00e0 operativa complessa di Pediatria del Policlinico di Messina. Una gravissima perdita per la comunit\u00e0 scientifica messinese: il prof. De Luca, di origini calabresi, ha frequentato ininterrottamente l&#8217;Universit\u00e0 di Messina, prima da studente in Medicina, poi da specializzando e da docente. [&hellip;]<\/p>\n","protected":false},"author":2,"featured_media":30714,"comment_status":"closed","ping_status":"open","sticky":false,"template":"","format":"standard","meta":{"ub_ctt_via":"","_mi_skip_tracking":false},"categories":[6],"tags":[],"featured_image_src":"https:\/\/www.messinaoggi.it\/website\/wp-content\/uploads\/2019\/03\/download.jpg","author_info":{"display_name":"Redazione","author_link":"https:\/\/www.messinaoggi.it\/website\/author\/redazione\/"},"digistream_id":0,"digistream":false,"_links":{"self":[{"href":"https:\/\/www.messinaoggi.it\/website\/wp-json\/wp\/v2\/posts\/30711"}],"collection":[{"href":"https:\/\/www.messinaoggi.it\/website\/wp-json\/wp\/v2\/posts"}],"about":[{"href":"https:\/\/www.messinaoggi.it\/website\/wp-json\/wp\/v2\/types\/post"}],"author":[{"embeddable":true,"href":"https:\/\/www.messinaoggi.it\/website\/wp-json\/wp\/v2\/users\/2"}],"replies":[{"embeddable":true,"href":"https:\/\/www.messinaoggi.it\/website\/wp-json\/wp\/v2\/comments?post=30711"}],"version-history":[{"count":0,"href":"https:\/\/www.messinaoggi.it\/website\/wp-json\/wp\/v2\/posts\/30711\/revisions"}],"wp:featuredmedia":[{"embeddable":true,"href":"https:\/\/www.messinaoggi.it\/website\/wp-json\/wp\/v2\/media\/30714"}],"wp:attachment":[{"href":"https:\/\/www.messinaoggi.it\/website\/wp-json\/wp\/v2\/media?parent=30711"}],"wp:term":[{"taxonomy":"category","embeddable":true,"href":"https:\/\/www.messinaoggi.it\/website\/wp-json\/wp\/v2\/categories?post=30711"},{"taxonomy":"post_tag","embeddable":true,"href":"https:\/\/www.messinaoggi.it\/website\/wp-json\/wp\/v2\/tags?post=30711"}],"curies":[{"name":"wp","href":"https:\/\/api.w.org\/{rel}","templated":true}]}}