{"id":30688,"date":"2019-03-18T10:01:38","date_gmt":"2019-03-18T09:01:38","guid":{"rendered":"http:\/\/www.messinaoggi.it\/website\/?p=30688"},"modified":"2019-03-18T10:01:38","modified_gmt":"2019-03-18T09:01:38","slug":"lavori-enel-domenica-niente-luce-al-policlinico-dalle-7-alle-15-varato-piano-straordinario-di-emergenza","status":"publish","type":"post","link":"https:\/\/www.messinaoggi.it\/website\/2019\/03\/18\/lavori-enel-domenica-niente-luce-al-policlinico-dalle-7-alle-15-varato-piano-straordinario-di-emergenza\/","title":{"rendered":"Lavori Enel: domenica niente luce al Policlinico dalle 7 alle 15, varato piano straordinario di emergenza"},"content":{"rendered":"<p>Domenica 24 marzo dalle 7 alle 15 l\u2019Enel sospender\u00e0 la fornitura di energia elettrica all\u2019Azienda ospedaliera Policlinico \u201cG. Martino\u201d, a causa di lavori urgenti ad una cabina all\u2019esterno del plesso ospedaliero. In vista di ci\u00f2, l\u2019Azienda ha attivato una serie di misure di emergenza necessarie a gestire in sicurezza la continuit\u00e0 dell\u2019attivit\u00e0 sanitaria, definendo un vero e proprio piano territoriale di protezione civile che ha visto coinvolti tutti i soggetti istituzionali competenti grazie al fondamentale ruolo di coordinamento svolto dal prefetto Maria Carmela Librizzi.<br \/>\nI dettagli del piano, che prevede la temporanea disattivazione del Pronto soccorso generale, pediatrico e ostetrico, sono stati illustrati questa mattina nel corso di una conferenza stampa che si \u00e8 tenuta presso la sala operativa del Palazzo del Governo con tutti i rappresentanti dei soggetti istituzionali coinvolti, che avevano preso parte al tavolo tecnico tenutosi in precedenza, con l\u2019intervento tra gli altri del Comune, della Polizia municipale, della Polizia provinciale, delle altre aziende sanitarie e ospedaliere cittadine, del 118, della Protezione civile, dei Vigili del Fuoco, delle forze dell\u2019ordine e dell\u2019Enel. Una preziosa sinergia che, come ha ribadito il prefetto, costituir\u00e0 una valida prova di best practice da applicare anche in presenza di future emergenze.<br \/>\nAd entrare nei particolari dell\u2019articolata programmazione operativa (in vigore gi\u00e0 da <a class=\"matchTooltip\">oggi<\/a> con la contrazione di alcune attivit\u00e0, come da piano allegato) \u00e8 stato il commissario straordinario dell\u2019Azienda ospedaliera universitaria Giuseppe Laganga, che ha voluto ringraziare per il supporto sia il Prefetto che tutti gli altri enti dai quali \u00e8 stata immediatamente manifestata disponibilit\u00e0 nel partecipare alla gestione dell\u2019emergenza, ma anche le componenti interne dell\u2019AOU, tutte mobilitate in questa occasione, ciascuna per la parte di propria competenza, al fine di ridurre al minimo i disagi per l\u2019utenza, ma soprattutto di scongiurare ogni rischio per la salute pubblica.<br \/>\nLa richiesta formulata nei confronti dell\u2019utenza \u00e8 comunque di evitare di recarsi al Policlinico durante l\u2019arco orario di distacco della corrente, se non strettamente necessario. Un solo varco sar\u00e0 aperto, quello lato est in via Consolare Valeria adiacente al pronto soccorso, con presidio delle forze dell\u2019ordine e accesso consentito solo per giustificati motivi.<br \/>\nGrazie alla presenza di generatori elettrici autonomi e di gruppi mobili che saranno forniti da Brigata Aosta ed Enel verr\u00e0 garantita la continuit\u00e0 assistenziale per i pazienti presenti nei reparti e non dimissibili, mentre non verranno effettuati nuovi ricoveri n\u00e9 in elezione da venerd\u00ec, n\u00e9 in emergenza gi\u00e0 da sabato alle 12 (cos\u00ec come da piano allegato).<br \/>\nLe necessit\u00e0 di soccorso gestite dal 118 troveranno risposta negli altri ospedali e strutture sanitarie private del territorio, mentre al Policlinico sar\u00e0 attivato un presidio di primo intervento per le esigenze interne e per i pazienti che si dovessero comunque presentare autonomamente e che ove necessario saranno trasferiti in altre strutture.<br \/>\nCome richiesto dal prefetto sar\u00e0 garantita una reperibilit\u00e0 sia da parte della sala operativa della Prefettura che dal Comune, mentre l\u2019Azienda ha attivato dei canali di comunicazione (spazio web, telefono, mail e account Twitter) alternativi a quelli ordinari, che non saranno disponibili a causa dell\u2019assenza di corrente.<br \/>\nUna pagina web con tutte le comunicazioni \u00e8 stata creata su un server esterno, mentre grazie alla collaborazione con il Comune verr\u00e0 diffuso un messaggio di avviso alla popolazione. Sar\u00e0 garantita un\u2019adeguata sorveglianza degli spazi aziendali grazie anche alla disponibilit\u00e0 della Polizia municipale e delle altre forze dell\u2019ordine.<div id=\"div-gpt-ad-Messinaoggi.it-DSK-300x250-corpoart\" style=\"text-align:center;margin:0 auto;\"><\/div><\/p>\n<div id=\"videoincontent\" style=\"clear:both\";><\/div>","protected":false},"excerpt":{"rendered":"<p>Domenica 24 marzo dalle 7 alle 15 l\u2019Enel sospender\u00e0 la fornitura di energia elettrica all\u2019Azienda ospedaliera Policlinico \u201cG. Martino\u201d, a causa di lavori urgenti ad una cabina all\u2019esterno del plesso ospedaliero. In vista di ci\u00f2, l\u2019Azienda ha attivato una serie di misure di emergenza necessarie a gestire in sicurezza la continuit\u00e0 dell\u2019attivit\u00e0 sanitaria, definendo un [&hellip;]<\/p>\n","protected":false},"author":15,"featured_media":30689,"comment_status":"closed","ping_status":"open","sticky":false,"template":"","format":"standard","meta":{"ub_ctt_via":"","_mi_skip_tracking":false},"categories":[6],"tags":[],"featured_image_src":"https:\/\/www.messinaoggi.it\/website\/wp-content\/uploads\/2019\/03\/policlinico.jpeg","author_info":{"display_name":"red.me","author_link":"https:\/\/www.messinaoggi.it\/website\/author\/red-me\/"},"digistream_id":0,"digistream":false,"_links":{"self":[{"href":"https:\/\/www.messinaoggi.it\/website\/wp-json\/wp\/v2\/posts\/30688"}],"collection":[{"href":"https:\/\/www.messinaoggi.it\/website\/wp-json\/wp\/v2\/posts"}],"about":[{"href":"https:\/\/www.messinaoggi.it\/website\/wp-json\/wp\/v2\/types\/post"}],"author":[{"embeddable":true,"href":"https:\/\/www.messinaoggi.it\/website\/wp-json\/wp\/v2\/users\/15"}],"replies":[{"embeddable":true,"href":"https:\/\/www.messinaoggi.it\/website\/wp-json\/wp\/v2\/comments?post=30688"}],"version-history":[{"count":0,"href":"https:\/\/www.messinaoggi.it\/website\/wp-json\/wp\/v2\/posts\/30688\/revisions"}],"wp:featuredmedia":[{"embeddable":true,"href":"https:\/\/www.messinaoggi.it\/website\/wp-json\/wp\/v2\/media\/30689"}],"wp:attachment":[{"href":"https:\/\/www.messinaoggi.it\/website\/wp-json\/wp\/v2\/media?parent=30688"}],"wp:term":[{"taxonomy":"category","embeddable":true,"href":"https:\/\/www.messinaoggi.it\/website\/wp-json\/wp\/v2\/categories?post=30688"},{"taxonomy":"post_tag","embeddable":true,"href":"https:\/\/www.messinaoggi.it\/website\/wp-json\/wp\/v2\/tags?post=30688"}],"curies":[{"name":"wp","href":"https:\/\/api.w.org\/{rel}","templated":true}]}}