{"id":30686,"date":"2019-03-20T15:13:59","date_gmt":"2019-03-20T14:13:59","guid":{"rendered":"http:\/\/www.messinaoggi.it\/website\/?p=30686"},"modified":"2019-03-20T15:13:59","modified_gmt":"2019-03-20T14:13:59","slug":"assunzioni-atm-ora-messina-vuole-vederci-chiaro-si-dia-la-possibilita-a-tutti-di-avere-un-futuro","status":"publish","type":"post","link":"https:\/\/www.messinaoggi.it\/website\/2019\/03\/20\/assunzioni-atm-ora-messina-vuole-vederci-chiaro-si-dia-la-possibilita-a-tutti-di-avere-un-futuro\/","title":{"rendered":"Assunzioni Atm, Ora Messina vuole vederci chiaro: &quot;Si dia la possibilit\u00e0 a tutti di avere un futuro&quot;"},"content":{"rendered":"<p>&#8220;Criteri discutibili, si dia la possibilit\u00e0 a tutti di avere un futuro&#8221;: lo scrive a chiare lettere &#8220;Ora Messina&#8221; che torna sull&#8217;argomento delle assunzioni in Atm. &#8220;Sin dal momento del nostro insediamento avevamo posto la questione Atm come centrale per il rilancio della citt\u00e0. Sulla condizione dei lavoratori \u2013 ricorda il gruppo consiliare Ora Messina -, esistevano zone d\u2019ombra da chiarire, soprattutto per la parte inerente le assunzioni tramite agenzia interinale.<br \/>\nSono trascorsi svariati mesi ed ancora una volta ci troviamo di fronte a soluzioni che riteniamo inammissibili: il bando per l\u2019assegnazione di 30 posti con contratto della durata di 6 mesi rileva alcune stonature impossibili da non sottolineare. Un bando per un posto di lavoro che esclude non pu\u00f2 andarci gi\u00f9, in particolar modo riteniamo fortemente limitativo il punto sulla fascia di et\u00e0 per la partecipazione.<br \/>\nSiamo tutti consapevoli \u2013 continua il gruppo di Ora Messina \u2013 che il lavoro di autista sia logorante e che occorra una condizione psico-fisica che faccia reggere serenamente i ritmi e gli orari, il limitare l\u2019et\u00e0 di partecipazione a 45 anni, per\u00f2, contrasta col diritto al lavoro di tante, troppe, persone.<br \/>\nIl contratto di breve durata, misto al fatto che molti over 45 sono oggi in condizione di affrontare un lavoro come quello di autista delle linee cittadine, ci fa riflettere sulla necessit\u00e0 di stringere la forbice dei partecipanti tagliando fuori una larga fetta di personale che su un breve contratto a tempo determinato spera di basare l\u2019immediato futuro della propria famiglia.<br \/>\nCome gruppo Ora Messina siamo compiaciuti che l\u2019Amministrazione e l\u2019azienda non deleghino pi\u00f9 ad agenzie esterne, di contro faremo sentire la nostra voce in Commissione per comprendere quali siano i motivi che hanno portato alla scelta dei criteri di selezione, provando \u2013 concludono \u2013 a tutelare i diritti di ogni lavoratore&#8221;.<div id=\"div-gpt-ad-Messinaoggi.it-DSK-300x250-corpoart\" style=\"text-align:center;margin:0 auto;\"><\/div><\/p>\n<div id=\"videoincontent\" style=\"clear:both\";><\/div>","protected":false},"excerpt":{"rendered":"<p>&#8220;Criteri discutibili, si dia la possibilit\u00e0 a tutti di avere un futuro&#8221;: lo scrive a chiare lettere &#8220;Ora Messina&#8221; che torna sull&#8217;argomento delle assunzioni in Atm. &#8220;Sin dal momento del nostro insediamento avevamo posto la questione Atm come centrale per il rilancio della citt\u00e0. Sulla condizione dei lavoratori \u2013 ricorda il gruppo consiliare Ora Messina [&hellip;]<\/p>\n","protected":false},"author":15,"featured_media":5141,"comment_status":"closed","ping_status":"open","sticky":false,"template":"","format":"standard","meta":{"ub_ctt_via":"","_mi_skip_tracking":false},"categories":[4],"tags":[],"featured_image_src":"https:\/\/www.messinaoggi.it\/website\/wp-content\/uploads\/2017\/07\/bus-atm-2.jpg","author_info":{"display_name":"red.me","author_link":"https:\/\/www.messinaoggi.it\/website\/author\/red-me\/"},"digistream_id":0,"digistream":false,"_links":{"self":[{"href":"https:\/\/www.messinaoggi.it\/website\/wp-json\/wp\/v2\/posts\/30686"}],"collection":[{"href":"https:\/\/www.messinaoggi.it\/website\/wp-json\/wp\/v2\/posts"}],"about":[{"href":"https:\/\/www.messinaoggi.it\/website\/wp-json\/wp\/v2\/types\/post"}],"author":[{"embeddable":true,"href":"https:\/\/www.messinaoggi.it\/website\/wp-json\/wp\/v2\/users\/15"}],"replies":[{"embeddable":true,"href":"https:\/\/www.messinaoggi.it\/website\/wp-json\/wp\/v2\/comments?post=30686"}],"version-history":[{"count":0,"href":"https:\/\/www.messinaoggi.it\/website\/wp-json\/wp\/v2\/posts\/30686\/revisions"}],"wp:featuredmedia":[{"embeddable":true,"href":"https:\/\/www.messinaoggi.it\/website\/wp-json\/wp\/v2\/media\/5141"}],"wp:attachment":[{"href":"https:\/\/www.messinaoggi.it\/website\/wp-json\/wp\/v2\/media?parent=30686"}],"wp:term":[{"taxonomy":"category","embeddable":true,"href":"https:\/\/www.messinaoggi.it\/website\/wp-json\/wp\/v2\/categories?post=30686"},{"taxonomy":"post_tag","embeddable":true,"href":"https:\/\/www.messinaoggi.it\/website\/wp-json\/wp\/v2\/tags?post=30686"}],"curies":[{"name":"wp","href":"https:\/\/api.w.org\/{rel}","templated":true}]}}