{"id":30601,"date":"2019-03-19T10:43:04","date_gmt":"2019-03-19T09:43:04","guid":{"rendered":"http:\/\/www.messinaoggi.it\/website\/?p=30601"},"modified":"2019-03-19T10:43:04","modified_gmt":"2019-03-19T09:43:04","slug":"inaugurazione-a-a-accademia-peloritana-dei-pericolanti-ospite-donore-massimo-cacciari","status":"publish","type":"post","link":"https:\/\/www.messinaoggi.it\/website\/2019\/03\/19\/inaugurazione-a-a-accademia-peloritana-dei-pericolanti-ospite-donore-massimo-cacciari\/","title":{"rendered":"Inaugurazione a.a. Accademia Peloritana dei Pericolanti: ospite d&#039;onore Massimo Cacciari"},"content":{"rendered":"<p><span style=\"color: #000000\">\u201c<span style=\"font-family: Arial, sans-serif\"><span style=\"font-size: medium\">L\u2019Europa necessaria\u201d: questo il titolo di una lectio inauguralis che si terr\u00e0 alle ore 17 della giornata di domani, mercoled\u00ec 27 marzo, nell\u2019Aula Magna del Rettorato dell&#8217;Ateneo peloritano. Lectio inauguralis perch\u00e9 quella di domani sar\u00e0 la cerimonia di inaugurazione del 290\u00b0 anno accademico dell\u2019Accademia Peloritana dei Pericolanti, la prima in assoluto organizzata dall\u2019Accademia stessa per dare inizio alle proprie attivit\u00e0. Considerata l&#8217;importanza dell&#8217;evento, la suddetta lectio inauguralis sar\u00e0 tenuta dal conosciutissimo filosofo Massimo Cacciari, che figurer\u00e0 alla cerimonia di inaugurazione come ospite d&#8217;onore.<\/span><\/span><\/span><br \/>\n<span style=\"color: #000000\"><span style=\"font-family: Arial, sans-serif\"><span style=\"font-size: medium\">Considerato, in Italia e all\u2019estero, fra i pi\u00f9 rilevanti e influenti filosofi europei, il noto docente \u00e8 professore ordinario di Estetica presso l\u2019Universit\u00e0 IUAV di Venezia a partire dal 1985, ed \u00e8 stato Direttore del Dipartimento di Filosofia dell\u2019Accademia di Architettura di Lugano (1998-2005). Nel 2002 ha fondato la Facolt\u00e0 di Filosofia presso l\u2019Universit\u00e0 Vita-Salute San Raffaele di Milano, presso il quale \u2013 dal 2012 \u2013 \u00e8 professore emerito di Filosofia. Cacciari, al cospicuo lavoro di studioso, ha affiancato anche un costante impegno culturale e politico: \u00e8 stato parlamentare della Repubblica durante la VII e l\u2019VIII Legislatura (1976-1983) e Sindaco di Venezia per due mandati (1993-2000 e 2005-2010). Prestigiosi i riconoscimenti che gli sono stati conferiti, tra questi: il Premio Hannah Arendt per la filosofia politica (1999), il Premio dell\u2019Accademia di Darmstadt (2002), la Medaglia d\u2019oro del Circulo de bellas Artes di Madrid (2005), la Medaglia d\u2019oro \u201cPio Manz\u00f9\u201d del Presidente della Repubblica Italiana (2008), il Premio De Sanctis per la saggistica (2009), le Lauree honoris causain Architettura dell\u2019Universit\u00e0 di Genova (2002), in Scienze politiche dell\u2019Universit\u00e0 di Bucarest (2007) e in Filologia, Letteratura e Tradizione Classica dell\u2019Alma Mater Studiorm \u2013 Universit\u00e0 di Bologna (2014).<\/span><\/span><\/span><br \/>\n<span style=\"font-family: Arial, sans-serif\"><span style=\"font-size: medium\"><span style=\"color: #000000\">Il pensiero filosofico di Massimo Cacciari, come dimostrano le sue pubblicazioni, \u00e8 caratterizzato da una straordinaria capacit\u00e0 di muoversi in ambiti disciplinari diversi, dalla Letteratura all\u2019Arte, alla Musica, alla Teologia, e di scandagliare i diversi periodi storici della millenaria civilt\u00e0 europea, dalle origini greche e romane, profondamente permeate dalle tre religioni del Libro, al Medioevo latino, prima grande sintesi di cultura europea, fino alla Modernit\u00e0 e all\u2019et\u00e0 contemporanea. Studioso, in particolare, del pensiero tedesco e mitteleuropeo del Novecento, per la comprensione del quale ha dato un contributo di fondamentale importanza, Massimo Cacciari ha fatto pi\u00f9 in generale dell\u2019Europa, delle sue molteplici matrici culturali e del suo destino, il tema costante della sua interrogazione.<\/span><\/span><\/span><div id=\"div-gpt-ad-Messinaoggi.it-DSK-300x250-corpoart\" style=\"text-align:center;margin:0 auto;\"><\/div><\/p>\n<div id=\"videoincontent\" style=\"clear:both\";><\/div>","protected":false},"excerpt":{"rendered":"<p>\u201cL\u2019Europa necessaria\u201d: questo il titolo di una lectio inauguralis che si terr\u00e0 alle ore 17 della giornata di domani, mercoled\u00ec 27 marzo, nell\u2019Aula Magna del Rettorato dell&#8217;Ateneo peloritano. Lectio inauguralis perch\u00e9 quella di domani sar\u00e0 la cerimonia di inaugurazione del 290\u00b0 anno accademico dell\u2019Accademia Peloritana dei Pericolanti, la prima in assoluto organizzata dall\u2019Accademia stessa per [&hellip;]<\/p>\n","protected":false},"author":8,"featured_media":30603,"comment_status":"closed","ping_status":"open","sticky":false,"template":"","format":"standard","meta":{"ub_ctt_via":"","_mi_skip_tracking":false},"categories":[7],"tags":[],"featured_image_src":"https:\/\/www.messinaoggi.it\/website\/wp-content\/uploads\/2019\/03\/massimo-cacciari.jpg","author_info":{"display_name":"red..me","author_link":"https:\/\/www.messinaoggi.it\/website\/author\/redstage\/"},"digistream_id":0,"digistream":false,"_links":{"self":[{"href":"https:\/\/www.messinaoggi.it\/website\/wp-json\/wp\/v2\/posts\/30601"}],"collection":[{"href":"https:\/\/www.messinaoggi.it\/website\/wp-json\/wp\/v2\/posts"}],"about":[{"href":"https:\/\/www.messinaoggi.it\/website\/wp-json\/wp\/v2\/types\/post"}],"author":[{"embeddable":true,"href":"https:\/\/www.messinaoggi.it\/website\/wp-json\/wp\/v2\/users\/8"}],"replies":[{"embeddable":true,"href":"https:\/\/www.messinaoggi.it\/website\/wp-json\/wp\/v2\/comments?post=30601"}],"version-history":[{"count":0,"href":"https:\/\/www.messinaoggi.it\/website\/wp-json\/wp\/v2\/posts\/30601\/revisions"}],"wp:featuredmedia":[{"embeddable":true,"href":"https:\/\/www.messinaoggi.it\/website\/wp-json\/wp\/v2\/media\/30603"}],"wp:attachment":[{"href":"https:\/\/www.messinaoggi.it\/website\/wp-json\/wp\/v2\/media?parent=30601"}],"wp:term":[{"taxonomy":"category","embeddable":true,"href":"https:\/\/www.messinaoggi.it\/website\/wp-json\/wp\/v2\/categories?post=30601"},{"taxonomy":"post_tag","embeddable":true,"href":"https:\/\/www.messinaoggi.it\/website\/wp-json\/wp\/v2\/tags?post=30601"}],"curies":[{"name":"wp","href":"https:\/\/api.w.org\/{rel}","templated":true}]}}