{"id":30586,"date":"2019-03-19T10:08:17","date_gmt":"2019-03-19T09:08:17","guid":{"rendered":"http:\/\/www.messinaoggi.it\/website\/?p=30586"},"modified":"2019-03-19T10:08:17","modified_gmt":"2019-03-19T09:08:17","slug":"scritte-razziste-ignobile-gesto-nella-riviera-nord","status":"publish","type":"post","link":"https:\/\/www.messinaoggi.it\/website\/2019\/03\/19\/scritte-razziste-ignobile-gesto-nella-riviera-nord\/","title":{"rendered":"Scritte razziste, ignobile gesto nella riviera nord"},"content":{"rendered":"<div dir=\"auto\">Una svastica ed accanto una vergognosa scritta che intenzionalmente non riportiamo, ma che purtroppo \u00e8 visibile nel muro e quindi nella foto. Razzisti in azione nella zona nord di Messina, precisamente in via Circuito ed in via Consolare Pompea a Granatari, a poca distanza da una struttura che ospita minori migranti.<\/div>\n<div dir=\"auto\"><\/div>\n<div dir=\"auto\">A segnalare l&#8217;accaduto \u00e8 il consigliere della VI Circoscrizione, Antonio Lambraio, che con una nota indirizzata agli organi di stampa intende denunciare l&#8217;ignobile gesto. &#8220;Mi sono stati segnalati dei disegni raffiguranti svastiche con scritte razziste adiacenti a due fermate dell&#8217;autobus molto frequentate della riviera nord &#8211; scrive Lambraio &#8211; ho provveduto telefonicamente a contattare la centrale dei Vigili urbani per chiedere un intervento urgente del Nucleo Decoro, affinch\u00e9 venga cancellato il tutto&#8221;.<\/div>\n<div dir=\"auto\"><\/div>\n<div dir=\"auto\">Il capogruppo del Pd in Consiglio comunale, Gaetano Gennaro, ha chiesto un intervento dell&#8217;Amministrazione e ha dichiarato: &#8220;Purtroppo anche la nostra citt\u00e0 \u00e8 sempre pi\u00f9 in preda di violenza, odio, razzismo e discriminazione. Tutto questo \u00e8 inaccettabile e va fatto subito qualcosa per impedire che si continui a scivolare verso il basso.<\/div>\n<div dir=\"auto\"><\/div>\n<div dir=\"auto\">Messina ha sempre avuto un volto diverso, pi\u00f9 umano, e le istituzioni devono far qualcosa per evitare che si degeneri ancor di pi\u00f9. Gia&#8217; siamo andati molto oltre oggi chieder\u00f2 al sindaco di\u00a0 intervenire subito per far coprire questa vergogna&#8221;.<\/div>\n<div id=\"div-gpt-ad-Messinaoggi.it-DSK-300x250-corpoart\" style=\"text-align:center;margin:0 auto;\"><\/div><\/p><div id=\"videoincontent\" style=\"clear:both\";><\/div>","protected":false},"excerpt":{"rendered":"<p>Una svastica ed accanto una vergognosa scritta che intenzionalmente non riportiamo, ma che purtroppo \u00e8 visibile nel muro e quindi nella foto. Razzisti in azione nella zona nord di Messina, precisamente in via Circuito ed in via Consolare Pompea a Granatari, a poca distanza da una struttura che ospita minori migranti. A segnalare l&#8217;accaduto \u00e8 [&hellip;]<\/p>\n","protected":false},"author":15,"featured_media":30588,"comment_status":"closed","ping_status":"open","sticky":false,"template":"","format":"standard","meta":{"ub_ctt_via":"","_mi_skip_tracking":false},"categories":[19],"tags":[],"featured_image_src":"https:\/\/www.messinaoggi.it\/website\/wp-content\/uploads\/2019\/03\/via-consolare-pompea-razzismo-scritte-contro-i-neri.jpg","author_info":{"display_name":"red.me","author_link":"https:\/\/www.messinaoggi.it\/website\/author\/red-me\/"},"digistream_id":0,"digistream":false,"_links":{"self":[{"href":"https:\/\/www.messinaoggi.it\/website\/wp-json\/wp\/v2\/posts\/30586"}],"collection":[{"href":"https:\/\/www.messinaoggi.it\/website\/wp-json\/wp\/v2\/posts"}],"about":[{"href":"https:\/\/www.messinaoggi.it\/website\/wp-json\/wp\/v2\/types\/post"}],"author":[{"embeddable":true,"href":"https:\/\/www.messinaoggi.it\/website\/wp-json\/wp\/v2\/users\/15"}],"replies":[{"embeddable":true,"href":"https:\/\/www.messinaoggi.it\/website\/wp-json\/wp\/v2\/comments?post=30586"}],"version-history":[{"count":0,"href":"https:\/\/www.messinaoggi.it\/website\/wp-json\/wp\/v2\/posts\/30586\/revisions"}],"wp:featuredmedia":[{"embeddable":true,"href":"https:\/\/www.messinaoggi.it\/website\/wp-json\/wp\/v2\/media\/30588"}],"wp:attachment":[{"href":"https:\/\/www.messinaoggi.it\/website\/wp-json\/wp\/v2\/media?parent=30586"}],"wp:term":[{"taxonomy":"category","embeddable":true,"href":"https:\/\/www.messinaoggi.it\/website\/wp-json\/wp\/v2\/categories?post=30586"},{"taxonomy":"post_tag","embeddable":true,"href":"https:\/\/www.messinaoggi.it\/website\/wp-json\/wp\/v2\/tags?post=30586"}],"curies":[{"name":"wp","href":"https:\/\/api.w.org\/{rel}","templated":true}]}}