{"id":30580,"date":"2019-03-18T22:22:39","date_gmt":"2019-03-18T21:22:39","guid":{"rendered":"http:\/\/www.messinaoggi.it\/website\/?p=30580"},"modified":"2019-03-18T22:22:39","modified_gmt":"2019-03-18T21:22:39","slug":"viale-regina-elena-martoriata-scoppia-anche-la-fognatura","status":"publish","type":"post","link":"https:\/\/www.messinaoggi.it\/website\/2019\/03\/18\/viale-regina-elena-martoriata-scoppia-anche-la-fognatura\/","title":{"rendered":"Viale Regina Elena &quot;martoriata&quot;, scoppia anche la fognatura"},"content":{"rendered":"<p>Buche-killer, marciapiedi dissestati, circolazione caotica, fognatura in tilt, interminabili lavori per il passaggio della fibra ottica, signore e signori benvenuti nell&#8217;inferno di viale Regina Elena. Sembra davvero essere un periodo sfortunato per residenti e negozianti alle prese con problemi di ogni tipo. Questa mattina, durante gli scavi per la posa della fibra ottica, \u00e8 &#8220;scoppiata&#8221; la fognatura che ha creato non pochi disagi alla ditta ed a quanti transitavano sul viale Regina Elena.<br \/>\nA segnalarlo \u00e8 stato il consigliere della V Circoscrizione, Franco Laimo, contattato dai titolari delle attivit\u00e0 commerciali e dai residenti della zona. Immediate le segnalazioni alla partecipata comunale\u00ec Amam per la risoluzione del problema. Secondo i tecnici della ditta appaltatrice dei lavori la causa sarebbe l&#8217;impianto fognario otturato.<br \/>\n<img loading=\"lazy\" class=\"alignnone size-medium wp-image-30582\" src=\"http:\/\/www.messinaoggi.it\/website\/wp-content\/uploads\/2019\/03\/operai-in-viale-regina-elena-300x162.jpg\" alt=\"\" width=\"300\" height=\"162\" \/><br \/>\n&#8220;Diverse le saracinesche costrette a chiudere a causa della puzza sprigionatasi, cos\u00ec la zona continua ad essere martoriata &#8211; spiega Laimo &#8211; l&#8217;impianto di pubblica illuminazione \u00e8 mal funzionante e la presenza di cantieri provoca pesanti rallentamenti, in particolare nelle ore di punta. Qualche giorno addietro &#8211; conclude Laimo &#8211; ho richiesto l&#8217;ausilio della Polizia municipale quale supporto per regolare il traffico veicolare&#8221;.<div id=\"div-gpt-ad-Messinaoggi.it-DSK-300x250-corpoart\" style=\"text-align:center;margin:0 auto;\"><\/div><\/p>\n<div id=\"videoincontent\" style=\"clear:both\";><\/div>","protected":false},"excerpt":{"rendered":"<p>Buche-killer, marciapiedi dissestati, circolazione caotica, fognatura in tilt, interminabili lavori per il passaggio della fibra ottica, signore e signori benvenuti nell&#8217;inferno di viale Regina Elena. Sembra davvero essere un periodo sfortunato per residenti e negozianti alle prese con problemi di ogni tipo. Questa mattina, durante gli scavi per la posa della fibra ottica, \u00e8 &#8220;scoppiata&#8221; [&hellip;]<\/p>\n","protected":false},"author":15,"featured_media":30581,"comment_status":"closed","ping_status":"open","sticky":false,"template":"","format":"standard","meta":{"ub_ctt_via":"","_mi_skip_tracking":false},"categories":[19],"tags":[],"featured_image_src":"https:\/\/www.messinaoggi.it\/website\/wp-content\/uploads\/2019\/03\/viale-regina-elena-fognatura.jpg","author_info":{"display_name":"red.me","author_link":"https:\/\/www.messinaoggi.it\/website\/author\/red-me\/"},"digistream_id":0,"digistream":false,"_links":{"self":[{"href":"https:\/\/www.messinaoggi.it\/website\/wp-json\/wp\/v2\/posts\/30580"}],"collection":[{"href":"https:\/\/www.messinaoggi.it\/website\/wp-json\/wp\/v2\/posts"}],"about":[{"href":"https:\/\/www.messinaoggi.it\/website\/wp-json\/wp\/v2\/types\/post"}],"author":[{"embeddable":true,"href":"https:\/\/www.messinaoggi.it\/website\/wp-json\/wp\/v2\/users\/15"}],"replies":[{"embeddable":true,"href":"https:\/\/www.messinaoggi.it\/website\/wp-json\/wp\/v2\/comments?post=30580"}],"version-history":[{"count":0,"href":"https:\/\/www.messinaoggi.it\/website\/wp-json\/wp\/v2\/posts\/30580\/revisions"}],"wp:featuredmedia":[{"embeddable":true,"href":"https:\/\/www.messinaoggi.it\/website\/wp-json\/wp\/v2\/media\/30581"}],"wp:attachment":[{"href":"https:\/\/www.messinaoggi.it\/website\/wp-json\/wp\/v2\/media?parent=30580"}],"wp:term":[{"taxonomy":"category","embeddable":true,"href":"https:\/\/www.messinaoggi.it\/website\/wp-json\/wp\/v2\/categories?post=30580"},{"taxonomy":"post_tag","embeddable":true,"href":"https:\/\/www.messinaoggi.it\/website\/wp-json\/wp\/v2\/tags?post=30580"}],"curies":[{"name":"wp","href":"https:\/\/api.w.org\/{rel}","templated":true}]}}