{"id":30578,"date":"2019-03-18T22:01:04","date_gmt":"2019-03-18T21:01:04","guid":{"rendered":"http:\/\/www.messinaoggi.it\/website\/?p=30578"},"modified":"2019-03-18T22:01:04","modified_gmt":"2019-03-18T21:01:04","slug":"musumeci-interveniamo-per-mettere-in-sicurezza-il-centro-storico-di-novara","status":"publish","type":"post","link":"https:\/\/www.messinaoggi.it\/website\/2019\/03\/18\/musumeci-interveniamo-per-mettere-in-sicurezza-il-centro-storico-di-novara\/","title":{"rendered":"Musumeci: &quot;Interveniamo per mettere in sicurezza il centro storico di Novara&quot;"},"content":{"rendered":"<p>La Regione ha finanziato la progettazione esecutiva relativa a due interventi: il primo riguarda la zona a ridosso di via Benedetto Croce, teatro di frequenti frane che ne hanno causato la chiusura al traffico veicolare per alcuni mesi; il secondo prevede il consolidamento del costone roccioso in contrada Roccazza (frazione di San Basilio), con il ripristino della viabilit\u00e0 in via Aspromonte e la messa in sicurezza delle abitazioni vicine.<br \/>\n&#8220;Interveniamo per mettere in sicurezza il centro storico di Novara di Sicilia dopo le frane degli ultimi anni&#8221; ha sottolineato il presidente della Regione, Nello Musumeci, alla guida dell&#8217;Ufficio contro il dissesto idrogeologico nell&#8217;isola.<br \/>\nIl progetto esecutivo, che riunisce le due opere e che verr\u00e0 elaborato a seguito dei servizi di ingegneria e delle indagini geologiche e geotecniche, eliminer\u00e0 il rischio idrogeologico in entrambe le aree che hanno una classificazione R4, ossia ad elevata pericolosit\u00e0.<br \/>\nI lavori consisteranno nella regimentazione dei corsi d&#8217;acqua e nella realizzazione di muri di contenimento.<div id=\"div-gpt-ad-Messinaoggi.it-DSK-300x250-corpoart\" style=\"text-align:center;margin:0 auto;\"><\/div><\/p>\n<div id=\"videoincontent\" style=\"clear:both\";><\/div>","protected":false},"excerpt":{"rendered":"<p>La Regione ha finanziato la progettazione esecutiva relativa a due interventi: il primo riguarda la zona a ridosso di via Benedetto Croce, teatro di frequenti frane che ne hanno causato la chiusura al traffico veicolare per alcuni mesi; il secondo prevede il consolidamento del costone roccioso in contrada Roccazza (frazione di San Basilio), con il [&hellip;]<\/p>\n","protected":false},"author":15,"featured_media":10969,"comment_status":"closed","ping_status":"open","sticky":false,"template":"","format":"standard","meta":{"ub_ctt_via":"","_mi_skip_tracking":false},"categories":[13,14],"tags":[],"featured_image_src":"https:\/\/www.messinaoggi.it\/website\/wp-content\/uploads\/2017\/11\/nello-musumeci-RRP_9992.jpg","author_info":{"display_name":"red.me","author_link":"https:\/\/www.messinaoggi.it\/website\/author\/red-me\/"},"digistream_id":0,"digistream":false,"_links":{"self":[{"href":"https:\/\/www.messinaoggi.it\/website\/wp-json\/wp\/v2\/posts\/30578"}],"collection":[{"href":"https:\/\/www.messinaoggi.it\/website\/wp-json\/wp\/v2\/posts"}],"about":[{"href":"https:\/\/www.messinaoggi.it\/website\/wp-json\/wp\/v2\/types\/post"}],"author":[{"embeddable":true,"href":"https:\/\/www.messinaoggi.it\/website\/wp-json\/wp\/v2\/users\/15"}],"replies":[{"embeddable":true,"href":"https:\/\/www.messinaoggi.it\/website\/wp-json\/wp\/v2\/comments?post=30578"}],"version-history":[{"count":0,"href":"https:\/\/www.messinaoggi.it\/website\/wp-json\/wp\/v2\/posts\/30578\/revisions"}],"wp:featuredmedia":[{"embeddable":true,"href":"https:\/\/www.messinaoggi.it\/website\/wp-json\/wp\/v2\/media\/10969"}],"wp:attachment":[{"href":"https:\/\/www.messinaoggi.it\/website\/wp-json\/wp\/v2\/media?parent=30578"}],"wp:term":[{"taxonomy":"category","embeddable":true,"href":"https:\/\/www.messinaoggi.it\/website\/wp-json\/wp\/v2\/categories?post=30578"},{"taxonomy":"post_tag","embeddable":true,"href":"https:\/\/www.messinaoggi.it\/website\/wp-json\/wp\/v2\/tags?post=30578"}],"curies":[{"name":"wp","href":"https:\/\/api.w.org\/{rel}","templated":true}]}}