{"id":30531,"date":"2019-03-17T07:30:59","date_gmt":"2019-03-17T06:30:59","guid":{"rendered":"http:\/\/www.messinaoggi.it\/website\/?p=30531"},"modified":"2019-03-17T07:30:59","modified_gmt":"2019-03-17T06:30:59","slug":"torrente-bisconte-catarratti-liter-per-la-riqualificazione-approda-in-prima-commissione","status":"publish","type":"post","link":"https:\/\/www.messinaoggi.it\/website\/2019\/03\/17\/torrente-bisconte-catarratti-liter-per-la-riqualificazione-approda-in-prima-commissione\/","title":{"rendered":"Torrente Bisconte-Catarratti, l&#039;iter per la riqualificazione approda in Prima commissione"},"content":{"rendered":"<p>Domani alle 9,30 in Prima Commissione, presieduta dal consigliere Libero Gioveni, si far\u00e0 il punto della situazione sull&#8217;iter della gara d&#8217;appalto del progetto di copertura e riqualificazione ambientale del torrente Bisconte-Catarratti, alla presenza dell&#8217;ing. Armando Mellini.<br \/>\n&#8220;Sar\u00e0 l&#8217;occasione &#8211; spiega Gioveni &#8211; per conoscere ufficialmente tutti i passaggi amministrativi ancora da compiere e soprattutto la tempistica per poter finalmente posare la prima pietra di un&#8217;opera tanto attesa e di primordiale importanza per la viabilit\u00e0 e la sicurezza nei due villaggi.<br \/>\nInoltre &#8211; conclude il presidente &#8211; la seduta sar\u00e0 la prima di una serie in cui la Commissione approfondir\u00e0 periodicamente lo stato dell&#8217;arte di altre grandi opere gi\u00e0 in itinere, come la strada di collegamento di via Don Blasco, il nuovo porto di Tremestieri ed il completamento dello svincolo di Giostra&#8221;.<div id=\"div-gpt-ad-Messinaoggi.it-DSK-300x250-corpoart\" style=\"text-align:center;margin:0 auto;\"><\/div><\/p>\n<div id=\"videoincontent\" style=\"clear:both\";><\/div>","protected":false},"excerpt":{"rendered":"<p>Domani alle 9,30 in Prima Commissione, presieduta dal consigliere Libero Gioveni, si far\u00e0 il punto della situazione sull&#8217;iter della gara d&#8217;appalto del progetto di copertura e riqualificazione ambientale del torrente Bisconte-Catarratti, alla presenza dell&#8217;ing. Armando Mellini. &#8220;Sar\u00e0 l&#8217;occasione &#8211; spiega Gioveni &#8211; per conoscere ufficialmente tutti i passaggi amministrativi ancora da compiere e soprattutto la [&hellip;]<\/p>\n","protected":false},"author":15,"featured_media":6691,"comment_status":"closed","ping_status":"open","sticky":false,"template":"","format":"standard","meta":{"ub_ctt_via":"","_mi_skip_tracking":false},"categories":[5],"tags":[],"featured_image_src":"https:\/\/www.messinaoggi.it\/website\/wp-content\/uploads\/2017\/08\/torrente-bisconte-2.jpg","author_info":{"display_name":"red.me","author_link":"https:\/\/www.messinaoggi.it\/website\/author\/red-me\/"},"digistream_id":0,"digistream":false,"_links":{"self":[{"href":"https:\/\/www.messinaoggi.it\/website\/wp-json\/wp\/v2\/posts\/30531"}],"collection":[{"href":"https:\/\/www.messinaoggi.it\/website\/wp-json\/wp\/v2\/posts"}],"about":[{"href":"https:\/\/www.messinaoggi.it\/website\/wp-json\/wp\/v2\/types\/post"}],"author":[{"embeddable":true,"href":"https:\/\/www.messinaoggi.it\/website\/wp-json\/wp\/v2\/users\/15"}],"replies":[{"embeddable":true,"href":"https:\/\/www.messinaoggi.it\/website\/wp-json\/wp\/v2\/comments?post=30531"}],"version-history":[{"count":0,"href":"https:\/\/www.messinaoggi.it\/website\/wp-json\/wp\/v2\/posts\/30531\/revisions"}],"wp:featuredmedia":[{"embeddable":true,"href":"https:\/\/www.messinaoggi.it\/website\/wp-json\/wp\/v2\/media\/6691"}],"wp:attachment":[{"href":"https:\/\/www.messinaoggi.it\/website\/wp-json\/wp\/v2\/media?parent=30531"}],"wp:term":[{"taxonomy":"category","embeddable":true,"href":"https:\/\/www.messinaoggi.it\/website\/wp-json\/wp\/v2\/categories?post=30531"},{"taxonomy":"post_tag","embeddable":true,"href":"https:\/\/www.messinaoggi.it\/website\/wp-json\/wp\/v2\/tags?post=30531"}],"curies":[{"name":"wp","href":"https:\/\/api.w.org\/{rel}","templated":true}]}}