{"id":30512,"date":"2019-03-16T16:29:28","date_gmt":"2019-03-16T15:29:28","guid":{"rendered":"http:\/\/www.messinaoggi.it\/website\/?p=30512"},"modified":"2019-03-16T16:29:28","modified_gmt":"2019-03-16T15:29:28","slug":"bando-autisti-atm-i-sindacati-chiedono-chiarezza-sullavviso","status":"publish","type":"post","link":"https:\/\/www.messinaoggi.it\/website\/2019\/03\/16\/bando-autisti-atm-i-sindacati-chiedono-chiarezza-sullavviso\/","title":{"rendered":"Bando autisti Atm: i sindacati chiedono chiarezza sull&#039;avviso"},"content":{"rendered":"<p class=\"p1\" style=\"text-align: justify;\"><span class=\"s1\">La disponibilit\u00e0 del sindacati Filt Cgil, Uiltrasporti, Faisa Cisal, Ugl, Orsa a procedere alla firma in deroga al decreto dignit\u00e0 c&#8217;\u00e8 da sempre ed \u00e8 ribadita in una nota inviata al Cda e all&#8217;assessore Mondello.<\/span><div id=\"div-gpt-ad-Messinaoggi.it-DSK-300x250-corpoart\" style=\"text-align:center;margin:0 auto;\"><\/div><\/p>\n<p class=\"p1\" style=\"text-align: justify;\"><span class=\"s1\">&#8220;Chiediamo contestualmente una verifica \u00a0dei contenuti e dei criteri del bando al fine di non <\/span><span class=\"s1\">disperdere, com&#8217;era negli obiettivi condivisi, le professionalit\u00e0 acquisite dagli ex lavoratori interinali&#8221;.\u00a0<\/span><div id=\"videoincontent\" style=\"clear:both\";><\/div><\/p>\n<p class=\"p1\" style=\"text-align: justify;\"><span class=\"s1\">Queste Organizzazioni sindacali, come convenuto nelle scorse settimane, chiedono a codesta Azienda Trasporti e all&#8217;assessore al ramo un urgente incontro per la sottoscrizione degli accordi previsti a salvaguardia delle professionalit\u00e0 acquisite dal personale autista ex interinale al fine di superare le criticit\u00e0 subentrate con l&#8217;applicazione del decreto dignit\u00e0.\u00a0<\/span><\/p>\n<p class=\"p1\" style=\"text-align: justify;\"><span class=\"s1\">Si chiede inoltre la verifica congiunta e chiarimenti su alcuni punti riscontrati nelle note Atm prot 4631 del 12.3.2019 e nella successiva nota prot. 1379 del 13.3.2019 del Centro dell&#8217;impiego ove sono riportati requisiti e criteri di selezione che potrebbero apparire \u00a0in contrasto all&#8217;obiettivo fin qui condiviso, di tutelare, nel rispetto delle norme, le professionalit\u00e0 acquisite in azienda.<\/span><\/p>\n","protected":false},"excerpt":{"rendered":"<p>La disponibilit\u00e0 del sindacati Filt Cgil, Uiltrasporti, Faisa Cisal, Ugl, Orsa a procedere alla firma in deroga al decreto dignit\u00e0 c&#8217;\u00e8 da sempre ed \u00e8 ribadita in una nota inviata al Cda e all&#8217;assessore Mondello. &#8220;Chiediamo contestualmente una verifica \u00a0dei contenuti e dei criteri del bando al fine di non disperdere, com&#8217;era negli obiettivi condivisi, [&hellip;]<\/p>\n","protected":false},"author":2,"featured_media":28404,"comment_status":"closed","ping_status":"open","sticky":false,"template":"","format":"standard","meta":{"ub_ctt_via":"","_mi_skip_tracking":false},"categories":[5],"tags":[],"featured_image_src":"https:\/\/www.messinaoggi.it\/website\/wp-content\/uploads\/2019\/01\/Atm-autobus-elettrico.jpg","author_info":{"display_name":"Redazione","author_link":"https:\/\/www.messinaoggi.it\/website\/author\/redazione\/"},"digistream_id":0,"digistream":false,"_links":{"self":[{"href":"https:\/\/www.messinaoggi.it\/website\/wp-json\/wp\/v2\/posts\/30512"}],"collection":[{"href":"https:\/\/www.messinaoggi.it\/website\/wp-json\/wp\/v2\/posts"}],"about":[{"href":"https:\/\/www.messinaoggi.it\/website\/wp-json\/wp\/v2\/types\/post"}],"author":[{"embeddable":true,"href":"https:\/\/www.messinaoggi.it\/website\/wp-json\/wp\/v2\/users\/2"}],"replies":[{"embeddable":true,"href":"https:\/\/www.messinaoggi.it\/website\/wp-json\/wp\/v2\/comments?post=30512"}],"version-history":[{"count":0,"href":"https:\/\/www.messinaoggi.it\/website\/wp-json\/wp\/v2\/posts\/30512\/revisions"}],"wp:featuredmedia":[{"embeddable":true,"href":"https:\/\/www.messinaoggi.it\/website\/wp-json\/wp\/v2\/media\/28404"}],"wp:attachment":[{"href":"https:\/\/www.messinaoggi.it\/website\/wp-json\/wp\/v2\/media?parent=30512"}],"wp:term":[{"taxonomy":"category","embeddable":true,"href":"https:\/\/www.messinaoggi.it\/website\/wp-json\/wp\/v2\/categories?post=30512"},{"taxonomy":"post_tag","embeddable":true,"href":"https:\/\/www.messinaoggi.it\/website\/wp-json\/wp\/v2\/tags?post=30512"}],"curies":[{"name":"wp","href":"https:\/\/api.w.org\/{rel}","templated":true}]}}