{"id":30510,"date":"2019-03-15T15:28:50","date_gmt":"2019-03-15T14:28:50","guid":{"rendered":"http:\/\/www.messinaoggi.it\/website\/?p=30510"},"modified":"2019-03-15T15:28:50","modified_gmt":"2019-03-15T14:28:50","slug":"gay-pride-a-messina-data-anticipata-all8-giugno","status":"publish","type":"post","link":"https:\/\/www.messinaoggi.it\/website\/2019\/03\/15\/gay-pride-a-messina-data-anticipata-all8-giugno\/","title":{"rendered":"Gay Pride a Messina: data anticipata all&#039;8 giugno"},"content":{"rendered":"<p class=\"p1\"><span class=\"s1\">Il comitato organizzativo del Pride dello Stretto ha deciso di anticipare la data dell\u2019evento.\u00a0 La manifestazione prevista per sabato 15 giugno si far\u00e0, ma con una settimana di anticipo e cio\u00e8 sabato 8 . La decisione, presa di comune accordo col sindaco Cateno De Luca, nasce dalla volont\u00e0 di osservare nella giornata del 15 la commemorazione delle vittime della tragedia che esattamente un anno prima ha drammaticamente visto protagonista la famiglia Battaglia-Messina.<\/span><div id=\"div-gpt-ad-Messinaoggi.it-DSK-300x250-corpoart\" style=\"text-align:center;margin:0 auto;\"><\/div><\/p>\n<p class=\"p1\"><span class=\"s1\">Il 15 giugno 2018 i due fratellini Francesco e Raniero di 13 e 10 sono deceduti in un incendio scoppiato durante la notte. Il gesto generoso ed eroico del fratellino maggiore, rientrato in casa per cercare Raniero, gli \u00e8 costato la vita, ma ha commosso la citt\u00e0 intera che si \u00e8 stretta con affetto attorno alla famiglia.<\/span><div id=\"videoincontent\" style=\"clear:both\";><\/div><\/p>\n<p class=\"p1\"><span class=\"s1\">I genitori dei due bambini si sono detti vicini alle istanze del Pride, ma nel rispetto del loro dolore e della memoria dei piccoli si \u00e8 comunque deciso di spostare la data.<\/span><\/p>\n","protected":false},"excerpt":{"rendered":"<p>Il comitato organizzativo del Pride dello Stretto ha deciso di anticipare la data dell\u2019evento.\u00a0 La manifestazione prevista per sabato 15 giugno si far\u00e0, ma con una settimana di anticipo e cio\u00e8 sabato 8 . La decisione, presa di comune accordo col sindaco Cateno De Luca, nasce dalla volont\u00e0 di osservare nella giornata del 15 la [&hellip;]<\/p>\n","protected":false},"author":2,"featured_media":30511,"comment_status":"closed","ping_status":"open","sticky":false,"template":"","format":"standard","meta":{"ub_ctt_via":"","_mi_skip_tracking":false},"categories":[5],"tags":[],"featured_image_src":"https:\/\/www.messinaoggi.it\/website\/wp-content\/uploads\/2019\/03\/gay-pride-italia-2019-onda-pride-2019.jpg","author_info":{"display_name":"Redazione","author_link":"https:\/\/www.messinaoggi.it\/website\/author\/redazione\/"},"digistream_id":0,"digistream":false,"_links":{"self":[{"href":"https:\/\/www.messinaoggi.it\/website\/wp-json\/wp\/v2\/posts\/30510"}],"collection":[{"href":"https:\/\/www.messinaoggi.it\/website\/wp-json\/wp\/v2\/posts"}],"about":[{"href":"https:\/\/www.messinaoggi.it\/website\/wp-json\/wp\/v2\/types\/post"}],"author":[{"embeddable":true,"href":"https:\/\/www.messinaoggi.it\/website\/wp-json\/wp\/v2\/users\/2"}],"replies":[{"embeddable":true,"href":"https:\/\/www.messinaoggi.it\/website\/wp-json\/wp\/v2\/comments?post=30510"}],"version-history":[{"count":0,"href":"https:\/\/www.messinaoggi.it\/website\/wp-json\/wp\/v2\/posts\/30510\/revisions"}],"wp:featuredmedia":[{"embeddable":true,"href":"https:\/\/www.messinaoggi.it\/website\/wp-json\/wp\/v2\/media\/30511"}],"wp:attachment":[{"href":"https:\/\/www.messinaoggi.it\/website\/wp-json\/wp\/v2\/media?parent=30510"}],"wp:term":[{"taxonomy":"category","embeddable":true,"href":"https:\/\/www.messinaoggi.it\/website\/wp-json\/wp\/v2\/categories?post=30510"},{"taxonomy":"post_tag","embeddable":true,"href":"https:\/\/www.messinaoggi.it\/website\/wp-json\/wp\/v2\/tags?post=30510"}],"curies":[{"name":"wp","href":"https:\/\/api.w.org\/{rel}","templated":true}]}}