{"id":30500,"date":"2019-03-15T11:19:15","date_gmt":"2019-03-15T10:19:15","guid":{"rendered":"http:\/\/www.messinaoggi.it\/website\/?p=30500"},"modified":"2019-03-15T11:19:15","modified_gmt":"2019-03-15T10:19:15","slug":"papatheu-bacchetta-lezzi-ms5-in-caduta-libera-il-ministro-non-faccia-propaganda-di-cortile","status":"publish","type":"post","link":"https:\/\/www.messinaoggi.it\/website\/2019\/03\/15\/papatheu-bacchetta-lezzi-ms5-in-caduta-libera-il-ministro-non-faccia-propaganda-di-cortile\/","title":{"rendered":"Papatheu bacchetta Lezzi: &quot;Ms5 in caduta libera, il ministro non faccia propaganda di cortile&quot;"},"content":{"rendered":"<p>&#8220;Il M5S \u00e8 in caduta libera e allora torna a fare promesse al Sud dopo il bluff del reddito di cittadinanza. Il ministro Lezzi si sta premurando di convocare tavoli sull&#8217;alta velocit\u00e0 nel Mezzogiorno, su contratti istituzionali gi\u00e0 esistenti, soltanto per far recuperare qualche voto al M5S in vista delle Europee e per distogliere l&#8217;attenzione mediatica dal deleterio No del governo alla Torino-Lione&#8221;. Lo afferma la senatrice di Forza Italia, Urania Papatheu. &#8220;Sull&#8217;alta capacit\u00e0 delle direttrici Messina-Catania-Palermo, Salerno-Reggio Calabria, Napoli-Bari Lecce-Taranto non servono sanzioni sulla data del via ai lavori ma penali vincolanti sull&#8217;avanzamento futuro dei cantieri. Risulta che Rfi stia gi\u00e0 procedendo con i relativi iter. Associare quei contratti al decreto sblocca-cantieri \u00e8 un palliativo elettorale perch\u00e9 la dotazione finanziaria esiste e i progetti a breve andranno comunque in appalto.<br \/>\nIl problema non \u00e8 se le assegnazioni delle tratte avverranno entro il 2019 o a inizio 2020 ma i tempi di attuazione dei cantieri: 10 anni, 20 o non verranno mai ultimati? Lezzi anzich\u00e9 fare propaganda di cortile, faccia inserire clausole di salvaguardia per blindare il rispetto dei crono-programmi&#8221;, conclude l&#8217;esponente politico di Forza Italia.<div id=\"div-gpt-ad-Messinaoggi.it-DSK-300x250-corpoart\" style=\"text-align:center;margin:0 auto;\"><\/div><\/p>\n<div id=\"videoincontent\" style=\"clear:both\";><\/div>","protected":false},"excerpt":{"rendered":"<p>&#8220;Il M5S \u00e8 in caduta libera e allora torna a fare promesse al Sud dopo il bluff del reddito di cittadinanza. Il ministro Lezzi si sta premurando di convocare tavoli sull&#8217;alta velocit\u00e0 nel Mezzogiorno, su contratti istituzionali gi\u00e0 esistenti, soltanto per far recuperare qualche voto al M5S in vista delle Europee e per distogliere l&#8217;attenzione [&hellip;]<\/p>\n","protected":false},"author":15,"featured_media":1017,"comment_status":"closed","ping_status":"open","sticky":false,"template":"","format":"standard","meta":{"ub_ctt_via":"","_mi_skip_tracking":false},"categories":[6],"tags":[],"featured_image_src":"https:\/\/www.messinaoggi.it\/website\/wp-content\/uploads\/2017\/05\/treno-stazione-centrale-messina-1-2.jpg","author_info":{"display_name":"red.me","author_link":"https:\/\/www.messinaoggi.it\/website\/author\/red-me\/"},"digistream_id":0,"digistream":false,"_links":{"self":[{"href":"https:\/\/www.messinaoggi.it\/website\/wp-json\/wp\/v2\/posts\/30500"}],"collection":[{"href":"https:\/\/www.messinaoggi.it\/website\/wp-json\/wp\/v2\/posts"}],"about":[{"href":"https:\/\/www.messinaoggi.it\/website\/wp-json\/wp\/v2\/types\/post"}],"author":[{"embeddable":true,"href":"https:\/\/www.messinaoggi.it\/website\/wp-json\/wp\/v2\/users\/15"}],"replies":[{"embeddable":true,"href":"https:\/\/www.messinaoggi.it\/website\/wp-json\/wp\/v2\/comments?post=30500"}],"version-history":[{"count":0,"href":"https:\/\/www.messinaoggi.it\/website\/wp-json\/wp\/v2\/posts\/30500\/revisions"}],"wp:featuredmedia":[{"embeddable":true,"href":"https:\/\/www.messinaoggi.it\/website\/wp-json\/wp\/v2\/media\/1017"}],"wp:attachment":[{"href":"https:\/\/www.messinaoggi.it\/website\/wp-json\/wp\/v2\/media?parent=30500"}],"wp:term":[{"taxonomy":"category","embeddable":true,"href":"https:\/\/www.messinaoggi.it\/website\/wp-json\/wp\/v2\/categories?post=30500"},{"taxonomy":"post_tag","embeddable":true,"href":"https:\/\/www.messinaoggi.it\/website\/wp-json\/wp\/v2\/tags?post=30500"}],"curies":[{"name":"wp","href":"https:\/\/api.w.org\/{rel}","templated":true}]}}