{"id":30493,"date":"2019-03-15T11:41:43","date_gmt":"2019-03-15T10:41:43","guid":{"rendered":"http:\/\/www.messinaoggi.it\/website\/?p=30493"},"modified":"2019-03-15T11:41:43","modified_gmt":"2019-03-15T10:41:43","slug":"genovese-cisl-si-deve-passare-dallindignazione-alla-rivendicazione","status":"publish","type":"post","link":"https:\/\/www.messinaoggi.it\/website\/2019\/03\/15\/genovese-cisl-si-deve-passare-dallindignazione-alla-rivendicazione\/","title":{"rendered":"Genovese (Cisl): &quot;Si deve passare dall&#039;indignazione alla rivendicazione&quot;"},"content":{"rendered":"<p style=\"text-align: justify;\">Il tema degli investi al centro di una nota del segretario provinciale della Cisl Messina, Tonino Genovese.<div id=\"div-gpt-ad-Messinaoggi.it-DSK-300x250-corpoart\" style=\"text-align:center;margin:0 auto;\"><\/div><\/p>\n<p class=\"p1\" style=\"text-align: justify;\"><span class=\"s1\">\u00abLa forza di passare dall\u2019indignazione individuale alla rivendicazione collettiva\u00bb, ha sottolineato il sindacalista parlando ai dirigenti sindacali della Cisl Messina e analizzando il quadro politico nazionale e locale. <\/span><div id=\"videoincontent\" style=\"clear:both\";><\/div><\/p>\n<p class=\"p1\" style=\"text-align: justify;\"><span class=\"s1\">Purtuttavia, per la Cisl occorre evidenziare che l&#8217;indignazione non nasce dal nulla ma \u00e8 figlia della consapevolezza, essa stessa diametralmente opposta al concetto di societ\u00e0 liquida di Bauman, nella quale la persona diviene individuo e fatica a concepire altro che non sia il proprio soddisfacimento personale con obiettivi piccoli e riferiti a s\u00e9 stessi. \u00abTra la fase dell&#8217;indignazione personale e quella della mobilitazione collettiva ve n&#8217;\u00e8 una di mezzo, ossia: tornare ad essere comunit\u00e0. La chiave di violino che riesce a render chiara la partitura sul pentagramma \u00e8 data dal passaggio dall&#8217;io al noi, dall&#8217;ego riferito alla collettivit\u00e0, dall&#8217;incoscienza alla consapevolezza, dalla societ\u00e0 alla comunit\u00e0\u00bb. <\/span><\/p>\n<p class=\"p1\" style=\"text-align: justify;\"><span class=\"s1\">I riferimenti del numero uno della Cisl peloritana nascono da tre momenti importanti registrati nelle ultime settimane in Italia: dalle migliaia di cittadini scese due volte in piazza a Torino per rivendicare la realizzazione della Tav ma anche delle infrastrutture importanti per l\u2019intero Paese, alla straordinaria manifestazione del 9 febbraio a Roma di Cgil, Cisl e Uil che ha riportato al centro del dibattito il tema del lavoro e, per finire, la manifestazione di sabato scorso a Milano sui diritti e per l\u2019integrazione.<\/span><\/p>\n<p class=\"p1\" style=\"text-align: justify;\"><span class=\"s1\">\u00abSono stati \u2013 ha detto Genovese &#8211; tre momenti di piazza, di partecipazione, di condivisione e di affermazione e rivendicazione di diritti, di una prospettiva, di chi chiede basi per guardare al futuro. Ma hanno anche sottolineato, attraverso la centralit\u00e0 della \u201cpiazza\u201d, la capacit\u00e0 di coinvolgimento, mobilitazione e partecipazione\u00bb.<\/span><\/p>\n<p class=\"p1\" style=\"text-align: justify;\"><span class=\"s1\">La premessa \u00e8 servita a dare l\u2019assist per il passaggio conseguenziale e quasi naturale del ragionamento dal panorama nazionale a quello locale. \u00abIl Sud, la Sicilia e in particolare la nostra citt\u00e0 ha bisogno di spostare l\u2019asse degli investimenti, della produzione e del lavoro attraverso la realizzazione di grandi infrastrutture che avvicinino al Sud le aree del paese pi\u00f9 forti. Se vogliamo avere rispetto, attenzione e centralit\u00e0 non si pu\u00f2 prescindere dal dimostrare che la comunit\u00e0 \u00e8 capace e pronta a rivendicare le proprie richieste attraverso una straordinaria mobilitazione, senza colori e senza bandiere. Occorre dire basta all\u2019apatia, al disinteresse, alla rassegnazione e dimostrare che i messinesi sono altrettanti capaci di fare sentire la propria voce passando dall\u2019indignazione individuale alla rivendicazione collettiva\u00bb.<\/span><\/p>\n","protected":false},"excerpt":{"rendered":"<p>Il tema degli investi al centro di una nota del segretario provinciale della Cisl Messina, Tonino Genovese. \u00abLa forza di passare dall\u2019indignazione individuale alla rivendicazione collettiva\u00bb, ha sottolineato il sindacalista parlando ai dirigenti sindacali della Cisl Messina e analizzando il quadro politico nazionale e locale. Purtuttavia, per la Cisl occorre evidenziare che l&#8217;indignazione non nasce [&hellip;]<\/p>\n","protected":false},"author":2,"featured_media":1154,"comment_status":"closed","ping_status":"open","sticky":false,"template":"","format":"standard","meta":{"ub_ctt_via":"","_mi_skip_tracking":false},"categories":[5],"tags":[],"featured_image_src":"https:\/\/www.messinaoggi.it\/website\/wp-content\/uploads\/2017\/06\/tonino-genovese-cisl-1-2.jpg","author_info":{"display_name":"Redazione","author_link":"https:\/\/www.messinaoggi.it\/website\/author\/redazione\/"},"digistream_id":0,"digistream":false,"_links":{"self":[{"href":"https:\/\/www.messinaoggi.it\/website\/wp-json\/wp\/v2\/posts\/30493"}],"collection":[{"href":"https:\/\/www.messinaoggi.it\/website\/wp-json\/wp\/v2\/posts"}],"about":[{"href":"https:\/\/www.messinaoggi.it\/website\/wp-json\/wp\/v2\/types\/post"}],"author":[{"embeddable":true,"href":"https:\/\/www.messinaoggi.it\/website\/wp-json\/wp\/v2\/users\/2"}],"replies":[{"embeddable":true,"href":"https:\/\/www.messinaoggi.it\/website\/wp-json\/wp\/v2\/comments?post=30493"}],"version-history":[{"count":0,"href":"https:\/\/www.messinaoggi.it\/website\/wp-json\/wp\/v2\/posts\/30493\/revisions"}],"wp:featuredmedia":[{"embeddable":true,"href":"https:\/\/www.messinaoggi.it\/website\/wp-json\/wp\/v2\/media\/1154"}],"wp:attachment":[{"href":"https:\/\/www.messinaoggi.it\/website\/wp-json\/wp\/v2\/media?parent=30493"}],"wp:term":[{"taxonomy":"category","embeddable":true,"href":"https:\/\/www.messinaoggi.it\/website\/wp-json\/wp\/v2\/categories?post=30493"},{"taxonomy":"post_tag","embeddable":true,"href":"https:\/\/www.messinaoggi.it\/website\/wp-json\/wp\/v2\/tags?post=30493"}],"curies":[{"name":"wp","href":"https:\/\/api.w.org\/{rel}","templated":true}]}}