{"id":30485,"date":"2019-03-15T10:29:48","date_gmt":"2019-03-15T09:29:48","guid":{"rendered":"http:\/\/www.messinaoggi.it\/website\/?p=30485"},"modified":"2019-03-15T10:29:48","modified_gmt":"2019-03-15T09:29:48","slug":"meteo-prepararsi-per-un-fine-settimana-con-il-sole","status":"publish","type":"post","link":"https:\/\/www.messinaoggi.it\/website\/2019\/03\/15\/meteo-prepararsi-per-un-fine-settimana-con-il-sole\/","title":{"rendered":"Meteo, prepararsi per un fine settimana con il sole"},"content":{"rendered":"<p class=\"p1\" style=\"text-align: justify;\"><span class=\"s1\">Il mese di Marzo non si \u00e8 smentito. Anche quest&#8217;anno, il mese pi\u00f9 dinamico dell&#8217;anno, ci sta propinando tutte le dissonanti connotazioni climatiche, peculiari di una stagione di transizione che non sancisce mai l&#8217;avvio della bella stagione.<\/span><div id=\"div-gpt-ad-Messinaoggi.it-DSK-300x250-corpoart\" style=\"text-align:center;margin:0 auto;\"><\/div><\/p>\n<p class=\"p1\" style=\"text-align: justify;\"><span class=\"s1\">In questo periodo dell&#8217;anno, la marcata dinamicit\u00e0 dell&#8217;atmosfera impone reiterati capovolgimenti climatici. Pertanto, non bisogna mai stupirsi se, nel giro di 24 h, si passa da una avvezione mite (che non necessariamente deve risultare pre-frontale) ad una tardiva ondata di freddo. Marzo \u00e8 da considerarsi a tutti gli effetti un mese pienamente invernale, che pu\u00f2 perfettamente prorogare i rigori invernali anche alle nostre latitudini. E non \u00e8 imprescindibile che l&#8217;anticiclone delle Azzorre si elevi fino alle Aleutine, cos\u00ec come non \u00e8 essenziale il ponte di Wejkoff.<\/span><div id=\"videoincontent\" style=\"clear:both\";><\/div><\/p>\n<p class=\"p1\" style=\"text-align: justify;\"><span class=\"s1\">Marted\u00ec tutto il messinese \u00e8 stato pesantemente scosso da una terrificante burrasca di tramontana e maestrale, con picchi eolici over 50 nodi sul Tirreno e localizzate folate catabatiche da uragano ( raffiche di cadute prossime ai 140 km\/h).<\/span><\/p>\n<p class=\"p1\" style=\"text-align: justify;\"><span class=\"s1\">Quali conseguenze? Mareggiata tirrenica da incorniciare ma non eccezionale ( scarso fetch), alberi precipitati e tetti di alcune case sventrate, con innumerevoli disagi alla circolazione veicolare. Una devastante burrasca che ha lasciato il segno, mentre la tagliente tramontana ci ha fatto battere i denti per almeno 36 h. Ma Marzo non ha mai un gran dimestichezza con la stabilit\u00e0; dopo un mercoledi discreto ma frizzante, la -30 a 500 hpa odierna ha riacceso l&#8217;instabilit\u00e0 marittima.<\/span><\/p>\n<p class=\"p1\" style=\"text-align: justify;\"><span class=\"s1\">Pur sovrascorrendo sopra la superficie marina fredda (14.7\u00b0), il nucleo freddo ha profuso una apprezzabile attivit\u00e0 convettiva, con una ottima fucina temporalesca. La giornata odierna, pur non risultando improba sotto il profilo dell&#8217;inclemenza dei fenomeni, ha profuso un eccellente rendimento cumulativo, grazie i frequenti rovesci a sfondo grandinigeno, che hanno erogato cospicui apporti cumulati.<\/span><\/p>\n<p class=\"p1\" style=\"text-align: justify;\"><span class=\"s1\">Nulla di trascendentale, sia chiaro, ma le fitte grandinate coreografiche non potevano passare inosservate.<\/span><\/p>\n<p class=\"p1\" style=\"text-align: justify;\"><span class=\"s1\">La -30 a 500 hpa \u00e8 gi\u00e0 emigrata sullo Ionio, lasciando la Sicilia Tirrenica sotto l&#8217;influenza di una residua instabilit\u00e0 post frontale.<\/span><\/p>\n<p class=\"p1\" style=\"text-align: justify;\"><span class=\"s1\"><strong>Sabato e domenica<\/strong>, l&#8217;anticiclone delle Azzorre si offrir\u00e0 magnanimamente, con la finalit\u00e0 di rinnovare un regime di imperante stabilit\u00e0, senza alcun surplus termico.<\/span><\/p>\n<p class=\"p1\" style=\"text-align: justify;\"><span class=\"s1\">Il campo barico sar\u00e0 livellato su valori medi (1018 hpa), mentre la notevole escalation dell&#8217;ecosistema ( gpt) sar\u00e0 idonea ad una ottimale stabilizzazione della colonna d&#8217;aria. Suddetta predisposizione sinottica orienter\u00e0 le correnti al suolo dal primo quadrante (NE).<\/span><\/p>\n<p class=\"p1\" style=\"text-align: justify;\"><span class=\"s1\">Con questo quadro azzorriano, sabato e domenica il tempo sar\u00e0 splendido, terso e mite. Cielo nitido, ottima qualit\u00e0 dell&#8217;aria, rada nuvolosit\u00e0 cumuliforme e buona visibilit\u00e0 metteranno il timbro per un week end allettante per qualsiasi attivit\u00e0 all&#8217;aperto.<\/span><\/p>\n<p class=\"p1\" style=\"text-align: justify;\"><span class=\"s1\">I venti spireranno moderatamente dal primo quadrante, con il vento cavaliere strettese localmente over 15 nodi, mentre un alito di tramontana (N) manterr\u00e0 in buone condizioni il Tirreno meridionale.<\/span><\/p>\n<p class=\"p1\" style=\"text-align: justify;\"><span class=\"s1\">La temperatura \u00e8 destinata ad una sensibile ascesa, oscillando dai 12\u00b0 ai 19\u00b0 all&#8217;ombra. Poich\u00e9 la volta celeste si manterr\u00e0 immune da nuvolosit\u00e0, l&#8217;escursione termica sar\u00e0 percettibile e concreta, con scarto di oltre 7\u00b0 fra il di e la sera. Il tasso dell&#8217;Ur permarr\u00e0 su valori medi, compresi fra il 40 e il 70%.<\/span><\/p>\n<p class=\"p1\" style=\"text-align: justify;\"><span class=\"s1\">Le tendenze del tempo a medio termine previste per la prossima settimana prefigurano la scorribanda mediterranea di una ampia saccatura artico continentale, il cui asse meridiano dovrebbe evolvere con direttrice NE\/SW. La Sicilia orientale dovrebbe essere interessata da correnti meridionali relativamente instabili, mentre da mercoled\u00ec potrebbe emergere una debole goccia fredda allocata fra Baleari e Sardegna. Quali effetti? Correnti meridionali e qualche isolato piovasco occasionale. Un grazie di cuore e arrivederci.<\/span><\/p>\n","protected":false},"excerpt":{"rendered":"<p>Il mese di Marzo non si \u00e8 smentito. Anche quest&#8217;anno, il mese pi\u00f9 dinamico dell&#8217;anno, ci sta propinando tutte le dissonanti connotazioni climatiche, peculiari di una stagione di transizione che non sancisce mai l&#8217;avvio della bella stagione. In questo periodo dell&#8217;anno, la marcata dinamicit\u00e0 dell&#8217;atmosfera impone reiterati capovolgimenti climatici. Pertanto, non bisogna mai stupirsi se, [&hellip;]<\/p>\n","protected":false},"author":2,"featured_media":30486,"comment_status":"closed","ping_status":"open","sticky":false,"template":"","format":"standard","meta":{"ub_ctt_via":"","_mi_skip_tracking":false},"categories":[6],"tags":[],"featured_image_src":"https:\/\/www.messinaoggi.it\/website\/wp-content\/uploads\/2019\/03\/ECM1-48.gif","author_info":{"display_name":"Redazione","author_link":"https:\/\/www.messinaoggi.it\/website\/author\/redazione\/"},"digistream_id":0,"digistream":false,"_links":{"self":[{"href":"https:\/\/www.messinaoggi.it\/website\/wp-json\/wp\/v2\/posts\/30485"}],"collection":[{"href":"https:\/\/www.messinaoggi.it\/website\/wp-json\/wp\/v2\/posts"}],"about":[{"href":"https:\/\/www.messinaoggi.it\/website\/wp-json\/wp\/v2\/types\/post"}],"author":[{"embeddable":true,"href":"https:\/\/www.messinaoggi.it\/website\/wp-json\/wp\/v2\/users\/2"}],"replies":[{"embeddable":true,"href":"https:\/\/www.messinaoggi.it\/website\/wp-json\/wp\/v2\/comments?post=30485"}],"version-history":[{"count":0,"href":"https:\/\/www.messinaoggi.it\/website\/wp-json\/wp\/v2\/posts\/30485\/revisions"}],"wp:featuredmedia":[{"embeddable":true,"href":"https:\/\/www.messinaoggi.it\/website\/wp-json\/wp\/v2\/media\/30486"}],"wp:attachment":[{"href":"https:\/\/www.messinaoggi.it\/website\/wp-json\/wp\/v2\/media?parent=30485"}],"wp:term":[{"taxonomy":"category","embeddable":true,"href":"https:\/\/www.messinaoggi.it\/website\/wp-json\/wp\/v2\/categories?post=30485"},{"taxonomy":"post_tag","embeddable":true,"href":"https:\/\/www.messinaoggi.it\/website\/wp-json\/wp\/v2\/tags?post=30485"}],"curies":[{"name":"wp","href":"https:\/\/api.w.org\/{rel}","templated":true}]}}