{"id":30403,"date":"2019-03-13T09:20:32","date_gmt":"2019-03-13T08:20:32","guid":{"rendered":"http:\/\/www.messinaoggi.it\/website\/?p=30403"},"modified":"2019-03-13T09:20:32","modified_gmt":"2019-03-13T08:20:32","slug":"la-uil-fpl-presenta-esposto-in-procura-dipendenti-asp-cancellati-e-transitati-alla-cisl-fp","status":"publish","type":"post","link":"https:\/\/www.messinaoggi.it\/website\/2019\/03\/13\/la-uil-fpl-presenta-esposto-in-procura-dipendenti-asp-cancellati-e-transitati-alla-cisl-fp\/","title":{"rendered":"La Uil-Fpl presenta esposto in Procura: &quot;Dipendenti Asp cancellati e transitati alla Cisl-Fp&quot;"},"content":{"rendered":"<p class=\"p2\" style=\"text-align: justify;\"><span class=\"s1\">La Uil-Fpl Messina ha reso noto di avere dato mandato al proprio legale, avvocato Oreste Puglisi, al fine di presentare una denuncia contro ignoti per le misteriose cancellazioni di alcuni propri iscritti, transitati inspiegabilmente a loro insaputa dalla Uil-Fpl alla Cisl-Fp di Messina. I fatti per i quali sar\u00e0 presentata una denuncia alla magistratura si sono verificati all\u2019Asp di Messina.<\/span><div id=\"div-gpt-ad-Messinaoggi.it-DSK-300x250-corpoart\" style=\"text-align:center;margin:0 auto;\"><\/div><\/p>\n<p class=\"p2\" style=\"text-align: justify;\"><span class=\"s1\">\u201c<em>Desideriamo venga fatta chiarezza \u2013 afferma Pippo Calapai, segretario generale della Uil-Fpl di Messina -, perch\u00e9 non riusciamo a comprendere quanto accaduto. Pretendiamo venga fatta chiarezza dagli organi competenti affinch\u00e9 si accertino eventuali responsabilit\u00e0. Non vogliamo puntare l\u2019indice contro alcuno, ma chiediamo chiarezza su un fatto, a nostro avviso inquietante, che lede la rappresentativit\u00e0 di un sindacato maggiormente rappresentativo nel comparto Sanit\u00e0 in provincia di Messina, qual \u00e8 il nostro. Abbiamo sempre improntato la nostra azione sindacale all\u2019insegna della correttezza. Ci\u00f2 che intendiamo denunciare \u00e8 un fatto gravissimo perch\u00e9 i nostri lavoratori si sono trovati iscritti alla Cisl-Fp a loro insaputa<\/em>\u201d.<\/span><div id=\"videoincontent\" style=\"clear:both\";><\/div><\/p>\n<p class=\"p2\"><span class=\"s1\">\u00a0<\/span><\/p>\n<p class=\"p3\">\n","protected":false},"excerpt":{"rendered":"<p>La Uil-Fpl Messina ha reso noto di avere dato mandato al proprio legale, avvocato Oreste Puglisi, al fine di presentare una denuncia contro ignoti per le misteriose cancellazioni di alcuni propri iscritti, transitati inspiegabilmente a loro insaputa dalla Uil-Fpl alla Cisl-Fp di Messina. I fatti per i quali sar\u00e0 presentata una denuncia alla magistratura si [&hellip;]<\/p>\n","protected":false},"author":2,"featured_media":8378,"comment_status":"closed","ping_status":"open","sticky":false,"template":"","format":"standard","meta":{"ub_ctt_via":"","_mi_skip_tracking":false},"categories":[6],"tags":[],"featured_image_src":"https:\/\/www.messinaoggi.it\/website\/wp-content\/uploads\/2017\/09\/calapai-uilRRP_8323-2.jpg","author_info":{"display_name":"Redazione","author_link":"https:\/\/www.messinaoggi.it\/website\/author\/redazione\/"},"digistream_id":0,"digistream":false,"_links":{"self":[{"href":"https:\/\/www.messinaoggi.it\/website\/wp-json\/wp\/v2\/posts\/30403"}],"collection":[{"href":"https:\/\/www.messinaoggi.it\/website\/wp-json\/wp\/v2\/posts"}],"about":[{"href":"https:\/\/www.messinaoggi.it\/website\/wp-json\/wp\/v2\/types\/post"}],"author":[{"embeddable":true,"href":"https:\/\/www.messinaoggi.it\/website\/wp-json\/wp\/v2\/users\/2"}],"replies":[{"embeddable":true,"href":"https:\/\/www.messinaoggi.it\/website\/wp-json\/wp\/v2\/comments?post=30403"}],"version-history":[{"count":0,"href":"https:\/\/www.messinaoggi.it\/website\/wp-json\/wp\/v2\/posts\/30403\/revisions"}],"wp:featuredmedia":[{"embeddable":true,"href":"https:\/\/www.messinaoggi.it\/website\/wp-json\/wp\/v2\/media\/8378"}],"wp:attachment":[{"href":"https:\/\/www.messinaoggi.it\/website\/wp-json\/wp\/v2\/media?parent=30403"}],"wp:term":[{"taxonomy":"category","embeddable":true,"href":"https:\/\/www.messinaoggi.it\/website\/wp-json\/wp\/v2\/categories?post=30403"},{"taxonomy":"post_tag","embeddable":true,"href":"https:\/\/www.messinaoggi.it\/website\/wp-json\/wp\/v2\/tags?post=30403"}],"curies":[{"name":"wp","href":"https:\/\/api.w.org\/{rel}","templated":true}]}}