{"id":30391,"date":"2019-03-12T17:25:53","date_gmt":"2019-03-12T16:25:53","guid":{"rendered":"http:\/\/www.messinaoggi.it\/website\/?p=30391"},"modified":"2019-03-12T17:25:53","modified_gmt":"2019-03-12T16:25:53","slug":"veglia-di-preghiera-per-alessandra-domani-i-funerali-al-duomo","status":"publish","type":"post","link":"https:\/\/www.messinaoggi.it\/website\/2019\/03\/12\/veglia-di-preghiera-per-alessandra-domani-i-funerali-al-duomo\/","title":{"rendered":"Veglia di preghiera per Alessandra, alle 11 i funerali al Duomo"},"content":{"rendered":"<p style=\"text-align: justify;\">Vegli di preghiera questo pomeriggio per Alessandra Musarra, la ragazza uccisa di botte dal suo convivente a Santa Lucia Sopra Contesse. La veglia, fortemente voluta dalla famiglia, s&#8217;\u00e8 tenuta all&#8217;obitorio del Policlinico.<div id=\"div-gpt-ad-Messinaoggi.it-DSK-300x250-corpoart\" style=\"text-align:center;margin:0 auto;\"><\/div><\/p>\n<p style=\"text-align: justify;\">Ieri l&#8217;esame medico-legale avrebbe permesso di accertare che la donna sarebbe morta per strangolamento. Oggi mattina, alle ore 11, al Duomo, si terranno i funerali di Alessandra. La famiglia ha affidato a poche righe un toccante ricordo della giovane strappata troppo prematuramente alla vita per mani di un presunto assassino.<div id=\"videoincontent\" style=\"clear:both\";><\/div><\/p>\n<p style=\"text-align: justify;\">&#8220;Ad Alessandra&#8230;..Ti penser\u00f2 sempre col sorriso sulle labbra e con quella tua inconfondibile risate tra i tanti bei ricordi una lacrima briller\u00e0 sempre sul mio viso non potrai mai leggere i miei pensieri su questo spazio ma ti arriveranno sempre lass\u00f9, nell&#8217;infinito, ove regna la tua anima solare&#8230;CHI VIVE NEL NOSTRO CUORE&#8230;NON MORIR\u00c0 MAI&#8221;.<\/p>\n","protected":false},"excerpt":{"rendered":"<p>Vegli di preghiera questo pomeriggio per Alessandra Musarra, la ragazza uccisa di botte dal suo convivente a Santa Lucia Sopra Contesse. La veglia, fortemente voluta dalla famiglia, s&#8217;\u00e8 tenuta all&#8217;obitorio del Policlinico. Ieri l&#8217;esame medico-legale avrebbe permesso di accertare che la donna sarebbe morta per strangolamento. Oggi mattina, alle ore 11, al Duomo, si terranno [&hellip;]<\/p>\n","protected":false},"author":2,"featured_media":30392,"comment_status":"closed","ping_status":"open","sticky":false,"template":"","format":"standard","meta":{"ub_ctt_via":"","_mi_skip_tracking":false},"categories":[19],"tags":[],"featured_image_src":"https:\/\/www.messinaoggi.it\/website\/wp-content\/uploads\/2019\/03\/BF0A3ADA-972C-4AD3-9102-3542FFFF518F.jpeg","author_info":{"display_name":"Redazione","author_link":"https:\/\/www.messinaoggi.it\/website\/author\/redazione\/"},"digistream_id":0,"digistream":false,"_links":{"self":[{"href":"https:\/\/www.messinaoggi.it\/website\/wp-json\/wp\/v2\/posts\/30391"}],"collection":[{"href":"https:\/\/www.messinaoggi.it\/website\/wp-json\/wp\/v2\/posts"}],"about":[{"href":"https:\/\/www.messinaoggi.it\/website\/wp-json\/wp\/v2\/types\/post"}],"author":[{"embeddable":true,"href":"https:\/\/www.messinaoggi.it\/website\/wp-json\/wp\/v2\/users\/2"}],"replies":[{"embeddable":true,"href":"https:\/\/www.messinaoggi.it\/website\/wp-json\/wp\/v2\/comments?post=30391"}],"version-history":[{"count":0,"href":"https:\/\/www.messinaoggi.it\/website\/wp-json\/wp\/v2\/posts\/30391\/revisions"}],"wp:featuredmedia":[{"embeddable":true,"href":"https:\/\/www.messinaoggi.it\/website\/wp-json\/wp\/v2\/media\/30392"}],"wp:attachment":[{"href":"https:\/\/www.messinaoggi.it\/website\/wp-json\/wp\/v2\/media?parent=30391"}],"wp:term":[{"taxonomy":"category","embeddable":true,"href":"https:\/\/www.messinaoggi.it\/website\/wp-json\/wp\/v2\/categories?post=30391"},{"taxonomy":"post_tag","embeddable":true,"href":"https:\/\/www.messinaoggi.it\/website\/wp-json\/wp\/v2\/tags?post=30391"}],"curies":[{"name":"wp","href":"https:\/\/api.w.org\/{rel}","templated":true}]}}