{"id":30364,"date":"2019-03-12T09:32:51","date_gmt":"2019-03-12T08:32:51","guid":{"rendered":"http:\/\/www.messinaoggi.it\/website\/?p=30364"},"modified":"2019-03-12T09:32:51","modified_gmt":"2019-03-12T08:32:51","slug":"riparata-la-condotta-del-fiumefreddo-situazione-verso-la-normalita","status":"publish","type":"post","link":"https:\/\/www.messinaoggi.it\/website\/2019\/03\/12\/riparata-la-condotta-del-fiumefreddo-situazione-verso-la-normalita\/","title":{"rendered":"Riparata la condotta del Fiumefreddo: situazione verso la normalit\u00e0"},"content":{"rendered":"<p><span style=\"color: #666666; font-family: Arial, sans-serif;\">Si \u00e8 lavorato senza sosta per garantire il ripristino della condotta adduttrice nei tempi pi\u00f9 brevi e con i minori disagi possibili per l&#8217;utenza anche se ieri non sono mancati i problemi in citt\u00e0 per la mancanza di acqua. Rubinetti a secco anche in centro ed in diverse scuole.<\/span><br \/>\n<span style=\"color: #666666; font-family: Arial, sans-serif;\">&#8220;I<\/span><span style=\"color: #666666; font-family: Arial, sans-serif;\">ntorno alle ore 13 &#8211; fa sapere l&#8217;Amam &#8211; i tecnici hanno completato la riparazione della tubazione dell&#8217;acquedotto di Fiumefreddo. <\/span>Alle ore 15, l&#8217;acqua \u00e8 giunta in citt\u00e0 nei serbatoi principali, che hanno iniziato ad approvvigionare la rete idrica cittadina. Da oggi si torner\u00e0 alla regolare distribuzione idrica, per ciascuna zona, negli orari consueti&#8221;.<br \/>\n <div id=\"div-gpt-ad-Messinaoggi.it-DSK-300x250-corpoart\" style=\"text-align:center;margin:0 auto;\"><\/div><\/p>\n<div id=\"videoincontent\" style=\"clear:both\";><\/div>","protected":false},"excerpt":{"rendered":"<p>Si \u00e8 lavorato senza sosta per garantire il ripristino della condotta adduttrice nei tempi pi\u00f9 brevi e con i minori disagi possibili per l&#8217;utenza anche se ieri non sono mancati i problemi in citt\u00e0 per la mancanza di acqua. Rubinetti a secco anche in centro ed in diverse scuole. &#8220;Intorno alle ore 13 &#8211; fa [&hellip;]<\/p>\n","protected":false},"author":15,"featured_media":3506,"comment_status":"closed","ping_status":"open","sticky":false,"template":"","format":"standard","meta":{"ub_ctt_via":"","_mi_skip_tracking":false},"categories":[6],"tags":[],"featured_image_src":"https:\/\/www.messinaoggi.it\/website\/wp-content\/uploads\/2017\/06\/acqua-amam-2.jpg","author_info":{"display_name":"red.me","author_link":"https:\/\/www.messinaoggi.it\/website\/author\/red-me\/"},"digistream_id":0,"digistream":false,"_links":{"self":[{"href":"https:\/\/www.messinaoggi.it\/website\/wp-json\/wp\/v2\/posts\/30364"}],"collection":[{"href":"https:\/\/www.messinaoggi.it\/website\/wp-json\/wp\/v2\/posts"}],"about":[{"href":"https:\/\/www.messinaoggi.it\/website\/wp-json\/wp\/v2\/types\/post"}],"author":[{"embeddable":true,"href":"https:\/\/www.messinaoggi.it\/website\/wp-json\/wp\/v2\/users\/15"}],"replies":[{"embeddable":true,"href":"https:\/\/www.messinaoggi.it\/website\/wp-json\/wp\/v2\/comments?post=30364"}],"version-history":[{"count":0,"href":"https:\/\/www.messinaoggi.it\/website\/wp-json\/wp\/v2\/posts\/30364\/revisions"}],"wp:featuredmedia":[{"embeddable":true,"href":"https:\/\/www.messinaoggi.it\/website\/wp-json\/wp\/v2\/media\/3506"}],"wp:attachment":[{"href":"https:\/\/www.messinaoggi.it\/website\/wp-json\/wp\/v2\/media?parent=30364"}],"wp:term":[{"taxonomy":"category","embeddable":true,"href":"https:\/\/www.messinaoggi.it\/website\/wp-json\/wp\/v2\/categories?post=30364"},{"taxonomy":"post_tag","embeddable":true,"href":"https:\/\/www.messinaoggi.it\/website\/wp-json\/wp\/v2\/tags?post=30364"}],"curies":[{"name":"wp","href":"https:\/\/api.w.org\/{rel}","templated":true}]}}