{"id":30335,"date":"2019-03-11T09:52:18","date_gmt":"2019-03-11T08:52:18","guid":{"rendered":"http:\/\/www.messinaoggi.it\/website\/?p=30335"},"modified":"2019-03-11T09:52:18","modified_gmt":"2019-03-11T08:52:18","slug":"settimana-mondiale-del-cervello-iniziative-anche-in-sicilia","status":"publish","type":"post","link":"https:\/\/www.messinaoggi.it\/website\/2019\/03\/11\/settimana-mondiale-del-cervello-iniziative-anche-in-sicilia\/","title":{"rendered":"&quot;Settimana mondiale del cervello&quot;: iniziative anche in Sicilia"},"content":{"rendered":"<p class=\"p1\" style=\"text-align: justify;\"><span class=\"s1\">In occasione dell\u2019appuntamento annuale della \u2018<b>Settimana Mondiale del Cervello<\/b>\u2019, che partir\u00e0\u00a0 luned\u00ec 11 marzo per concludersi domenica 17, la <b>Societ\u00e0 italiana di neurologia<\/b> \u00e8 impegnata nel promuovere la salute del cervello con dibattiti, incontri nelle scuole e con i reparti ospedalieri di Neurologia aperti per fare conoscere questo organo cos\u00ec importante e le buone pratiche per salvaguardarlo.<\/span><div id=\"div-gpt-ad-Messinaoggi.it-DSK-300x250-corpoart\" style=\"text-align:center;margin:0 auto;\"><\/div><\/p>\n<p class=\"p2\" style=\"text-align: justify;\"><span class=\"s1\"><i>\u201cCrediamo molto nella prevenzione, mantenendo stili di vita adeguati e informando sui fattori di rischio che nel corso della vita si determinano\u201d<\/i>, afferma il segretario regionale della Societ\u00e0 italiana di Neurologia, il dottore<b> Michele Maria Vecchio.<\/b> <i>Lo stroke, la demenza, la sclerosi multipla, il Parkinson l\u2019Epilessia, la cefalea, le patologie muscolari, le malattie rare, le malattie genetiche dell\u2019et\u00e0 evolutiva<\/i> &#8211; osserva il segretario &#8211; <i>richiedono risposte in termini di conoscenza e impegno scientifico che la Sin promuove, mettendo in campo i propri professionisti, che rappresentano un\u2019eccellenza nel mondo\u201d<\/i>.<\/span><div id=\"videoincontent\" style=\"clear:both\";><\/div><\/p>\n<p class=\"p3\" style=\"text-align: justify;\"><span class=\"s1\">\u201c<i>La Sin Sicilia<\/i> \u2013 ricorda Vecchio &#8211; <i>\u00e8 vicina ai cittadini e collabora con le Istituzioni preposte al fine di armonizzare le migliori risposte di salute in ogni angolo della nostra regione, nel rispetto delle regole, a garanzia che i siciliani possano ricevere le pi\u00f9 efficaci cure possibili\u201d.<\/i><\/span><\/p>\n<p class=\"p2\" style=\"text-align: justify;\"><span class=\"s1\"><i>\u201cBuon Cervello a tutti\u201d<\/i>, conclude il segretario siciliano della Societ\u00e0 italiana di neurologia.<\/span><\/p>\n<p class=\"p4\" style=\"text-align: justify;\"><span class=\"s1\">\u2018<b>Proteggi il tuo cervello\u2019<\/b> \u00e8 lo slogan che quest\u2019anno la Sin lancia in occasione della \u2018Settimana mondiale del Cervello\u2019 che si celebra in oltre 80 nazioni.\u00a0 Obiettivo \u00e8 quello di informare la popolazione ed educare alla buona prevenzione.\u00a0 In Italia le malattie neurologiche colpiscono circa 5 milioni di persone.<\/span><\/p>\n","protected":false},"excerpt":{"rendered":"<p>In occasione dell\u2019appuntamento annuale della \u2018Settimana Mondiale del Cervello\u2019, che partir\u00e0\u00a0 luned\u00ec 11 marzo per concludersi domenica 17, la Societ\u00e0 italiana di neurologia \u00e8 impegnata nel promuovere la salute del cervello con dibattiti, incontri nelle scuole e con i reparti ospedalieri di Neurologia aperti per fare conoscere questo organo cos\u00ec importante e le buone pratiche [&hellip;]<\/p>\n","protected":false},"author":2,"featured_media":30336,"comment_status":"closed","ping_status":"open","sticky":false,"template":"","format":"standard","meta":{"ub_ctt_via":"","_mi_skip_tracking":false},"categories":[11],"tags":[],"featured_image_src":"https:\/\/www.messinaoggi.it\/website\/wp-content\/uploads\/2019\/03\/dott.Michele-Vecchio.jpg","author_info":{"display_name":"Redazione","author_link":"https:\/\/www.messinaoggi.it\/website\/author\/redazione\/"},"digistream_id":0,"digistream":false,"_links":{"self":[{"href":"https:\/\/www.messinaoggi.it\/website\/wp-json\/wp\/v2\/posts\/30335"}],"collection":[{"href":"https:\/\/www.messinaoggi.it\/website\/wp-json\/wp\/v2\/posts"}],"about":[{"href":"https:\/\/www.messinaoggi.it\/website\/wp-json\/wp\/v2\/types\/post"}],"author":[{"embeddable":true,"href":"https:\/\/www.messinaoggi.it\/website\/wp-json\/wp\/v2\/users\/2"}],"replies":[{"embeddable":true,"href":"https:\/\/www.messinaoggi.it\/website\/wp-json\/wp\/v2\/comments?post=30335"}],"version-history":[{"count":0,"href":"https:\/\/www.messinaoggi.it\/website\/wp-json\/wp\/v2\/posts\/30335\/revisions"}],"wp:featuredmedia":[{"embeddable":true,"href":"https:\/\/www.messinaoggi.it\/website\/wp-json\/wp\/v2\/media\/30336"}],"wp:attachment":[{"href":"https:\/\/www.messinaoggi.it\/website\/wp-json\/wp\/v2\/media?parent=30335"}],"wp:term":[{"taxonomy":"category","embeddable":true,"href":"https:\/\/www.messinaoggi.it\/website\/wp-json\/wp\/v2\/categories?post=30335"},{"taxonomy":"post_tag","embeddable":true,"href":"https:\/\/www.messinaoggi.it\/website\/wp-json\/wp\/v2\/tags?post=30335"}],"curies":[{"name":"wp","href":"https:\/\/api.w.org\/{rel}","templated":true}]}}