{"id":30321,"date":"2019-03-10T15:55:38","date_gmt":"2019-03-10T14:55:38","guid":{"rendered":"http:\/\/www.messinaoggi.it\/website\/?p=30321"},"modified":"2019-03-10T15:55:38","modified_gmt":"2019-03-10T14:55:38","slug":"viola-prescrizioni-sorvegliato-speciale-arrestato-dai-carabinieri-la-procura-lo-rimanda-a-casa","status":"publish","type":"post","link":"https:\/\/www.messinaoggi.it\/website\/2019\/03\/10\/viola-prescrizioni-sorvegliato-speciale-arrestato-dai-carabinieri-la-procura-lo-rimanda-a-casa\/","title":{"rendered":"V\u00ecola prescrizioni: sorvegliato speciale arrestato dai carabinieri, la Procura lo rimanda a casa"},"content":{"rendered":"<p>I carabinieri di Barcellona hanno arrestato M. C., 31enne barcellonese, ritenuto responsabile della violazione degli obblighi inerenti alla sorveglianza speciale di pubblica sicurezza cui era\u00a0 sottoposto.<br \/>\nI militari della Sezione Radiomobile, nel corso del controllo presso l\u2019abitazione dell\u2019uomo, sottoposto alla sorveglianza speciale con obbligo di soggiorno, accertavano che M.C. era\u00a0 in compagnia di un altro individuo con precedenti di polizia, in violazione delle prescrizioni previste dalla misura di prevenzione personale che impongono di non frequentare persone con precedenti penali.<br \/>\nSu disposizione della Procura di Barcellona, M. C. \u00e8 stato rimesso in libert\u00e0 e dovr\u00e0 continuare a sottostare agli obblighi della misura di prevenzione gi\u00e0 applicata.<div id=\"div-gpt-ad-Messinaoggi.it-DSK-300x250-corpoart\" style=\"text-align:center;margin:0 auto;\"><\/div><\/p>\n<div id=\"videoincontent\" style=\"clear:both\";><\/div>","protected":false},"excerpt":{"rendered":"<p>I carabinieri di Barcellona hanno arrestato M. C., 31enne barcellonese, ritenuto responsabile della violazione degli obblighi inerenti alla sorveglianza speciale di pubblica sicurezza cui era\u00a0 sottoposto. I militari della Sezione Radiomobile, nel corso del controllo presso l\u2019abitazione dell\u2019uomo, sottoposto alla sorveglianza speciale con obbligo di soggiorno, accertavano che M.C. era\u00a0 in compagnia di un altro [&hellip;]<\/p>\n","protected":false},"author":15,"featured_media":288,"comment_status":"closed","ping_status":"open","sticky":false,"template":"","format":"standard","meta":{"ub_ctt_via":"","_mi_skip_tracking":false},"categories":[13,14],"tags":[],"featured_image_src":"https:\/\/www.messinaoggi.it\/website\/wp-content\/uploads\/2017\/05\/carabinieri-barcellona-2.jpg","author_info":{"display_name":"red.me","author_link":"https:\/\/www.messinaoggi.it\/website\/author\/red-me\/"},"digistream_id":0,"digistream":false,"_links":{"self":[{"href":"https:\/\/www.messinaoggi.it\/website\/wp-json\/wp\/v2\/posts\/30321"}],"collection":[{"href":"https:\/\/www.messinaoggi.it\/website\/wp-json\/wp\/v2\/posts"}],"about":[{"href":"https:\/\/www.messinaoggi.it\/website\/wp-json\/wp\/v2\/types\/post"}],"author":[{"embeddable":true,"href":"https:\/\/www.messinaoggi.it\/website\/wp-json\/wp\/v2\/users\/15"}],"replies":[{"embeddable":true,"href":"https:\/\/www.messinaoggi.it\/website\/wp-json\/wp\/v2\/comments?post=30321"}],"version-history":[{"count":0,"href":"https:\/\/www.messinaoggi.it\/website\/wp-json\/wp\/v2\/posts\/30321\/revisions"}],"wp:featuredmedia":[{"embeddable":true,"href":"https:\/\/www.messinaoggi.it\/website\/wp-json\/wp\/v2\/media\/288"}],"wp:attachment":[{"href":"https:\/\/www.messinaoggi.it\/website\/wp-json\/wp\/v2\/media?parent=30321"}],"wp:term":[{"taxonomy":"category","embeddable":true,"href":"https:\/\/www.messinaoggi.it\/website\/wp-json\/wp\/v2\/categories?post=30321"},{"taxonomy":"post_tag","embeddable":true,"href":"https:\/\/www.messinaoggi.it\/website\/wp-json\/wp\/v2\/tags?post=30321"}],"curies":[{"name":"wp","href":"https:\/\/api.w.org\/{rel}","templated":true}]}}