{"id":30306,"date":"2019-03-10T00:52:59","date_gmt":"2019-03-09T23:52:59","guid":{"rendered":"http:\/\/www.messinaoggi.it\/website\/?p=30306"},"modified":"2019-03-10T00:52:59","modified_gmt":"2019-03-09T23:52:59","slug":"i-vitalizi-e-la-demagogica-battaglia-contro-i-privilegi","status":"publish","type":"post","link":"https:\/\/www.messinaoggi.it\/website\/2019\/03\/10\/i-vitalizi-e-la-demagogica-battaglia-contro-i-privilegi\/","title":{"rendered":"I vitalizi e la demagogica battaglia contro i privilegi"},"content":{"rendered":"<p>Sul cosiddetto vitalizio dei parlamentari siciliani condivido la posizione dell\u2019on. Presidente Gianfranco Micciche\u2019.<br \/>\nNon si tratta di difendere l\u2019indifendibile.<br \/>\nSi tratta, piuttosto, di snidare ci\u00f2 che sottace la demagogica battaglia contro i costi e i privilegi della politica. L\u2019antipolica si staglia pericolosamente contro la democrazia ponendosi sul medesimo osmotico piano della destrutturante deriva anarcoide cos\u00ec come della strutturata fallimentare professione dell\u2019antimafia.<br \/>\nLe contraddizioni, le farse, i falsi di chi si avventura in scalate sociali puntando i piedi sulla pancia del Paese (salvo poi ballarci sopra) rappresentano l\u2019insidia pi\u00f9 incombente (elevata all\u2019ennesima potenza dagli \u201cismi\u201d) per il futuro della nostra regione e della nostra nazione.<br \/>\nPurtroppo, l\u2019on. Presidente Gianfranco Micciche\u2019 si manifesta sapiente in lucidi intervalli. \u00c8 gi\u00e0 qualcosa. L\u2019Italia \u00e8 ostaggio di una tracotante ignoranza. Diceva Platone: \u201cNemmeno gli <a href=\"https:\/\/www.frasicelebri.it\/argomento\/ignoranza\/\">ignoranti<\/a>amano la <a href=\"https:\/\/www.frasicelebri.it\/argomento\/saggezza\/\">sapienza<\/a>, n\u00e9 desiderano <a href=\"https:\/\/www.frasicelebri.it\/argomento\/cambiare\/\">diventare<\/a><a href=\"https:\/\/www.frasicelebri.it\/argomento\/sapienza\/\">sapienti<\/a>. Proprio in questo, difatti, l&#8217;ignoranza \u00e8 insopportabile, nel <a href=\"https:\/\/www.frasicelebri.it\/argomento\/fede\/\">credere<\/a> da parte di chi non \u00e8 n\u00e9 bello n\u00e9 eccellente, e neppure <a href=\"https:\/\/www.frasicelebri.it\/argomento\/saggezza\/\">saggio<\/a>, di <a href=\"https:\/\/www.frasicelebri.it\/argomento\/sostanza\/\">essere<\/a>adeguatamente dotato.\u201d<br \/>\nAdeguatamente dotati si sentono i carioca che ci governano a tutti i livelli.<br \/>\nLe prossime europee, secondo le parole del vescovo Mariano Crociata, primo vicepresidente della Commissione episcopale dei Paesi della Ue, diventano un \u201cappuntamento decisivo\u201d. Si aggiunge \u201cdal cristianesimo proviene con forza l\u2019indicazione convinta che il mondo ha bisogno dell\u2019Europa, della sua cultura, della sua esperienza e della sua iniziativa\u201d.<br \/>\nForza Italia, in Sicilia ed in Italia vuole offrire un contributo al PPE per contrastare l\u2019avanzata di populisti e sovranisti?<br \/>\nCome? Senza congressi? Continuando con i commissariamenti? Selezionando in convention \u201cprivate\u201d nani, troniste, ballerine, figurine? Non ci possono redimere ne\u2019 cannoli, ne\u2019 pignolate, ne\u2019 #caszate!<br \/>\nIl sindaco Cateno De Luca,\u00a0che considera l\u2019appuntamento decisivo che ci attende come banco di prova per una non celata ambizione da Governatore,\u00a0ha ieri, nel silenzio generale e generalizzato, proiettato la candidatura della &#8211; sia pure rispettabile &#8211; ass. avv. Dafne Musolino con appello \u201ctrasversale\u201d ad un sostegno territoriale. Un sostegno territoriale per una proposta elettorale che deve penetrare il tessuto di voti e consensi in un collegio formato da due regioni (Sicilia e Sardegna)? Interessante al pari di ogni #patto della caszata. Messina continuer\u00e0 a non avere un deputato europeo. Potrei sbagliarmi. Il primo cittadino, d\u2019altronde, ha offerto ripetute prove di essere adeguatamente dotato.<div id=\"div-gpt-ad-Messinaoggi.it-DSK-300x250-corpoart\" style=\"text-align:center;margin:0 auto;\"><\/div><\/p>\n<p style=\"text-align: right;\">Emilio Fragale<div id=\"videoincontent\" style=\"clear:both\";><\/div><\/p>\n","protected":false},"excerpt":{"rendered":"<p>Sul cosiddetto vitalizio dei parlamentari siciliani condivido la posizione dell\u2019on. Presidente Gianfranco Micciche\u2019. Non si tratta di difendere l\u2019indifendibile. Si tratta, piuttosto, di snidare ci\u00f2 che sottace la demagogica battaglia contro i costi e i privilegi della politica. L\u2019antipolica si staglia pericolosamente contro la democrazia ponendosi sul medesimo osmotico piano della destrutturante deriva anarcoide cos\u00ec [&hellip;]<\/p>\n","protected":false},"author":2,"featured_media":12060,"comment_status":"closed","ping_status":"open","sticky":false,"template":"","format":"standard","meta":{"ub_ctt_via":"","_mi_skip_tracking":false},"categories":[4],"tags":[],"featured_image_src":"https:\/\/www.messinaoggi.it\/website\/wp-content\/uploads\/2017\/11\/palazzo-dei-normanni-sede-Ars-Palermo-messinaoggiMR.jpg","author_info":{"display_name":"Redazione","author_link":"https:\/\/www.messinaoggi.it\/website\/author\/redazione\/"},"digistream_id":0,"digistream":false,"_links":{"self":[{"href":"https:\/\/www.messinaoggi.it\/website\/wp-json\/wp\/v2\/posts\/30306"}],"collection":[{"href":"https:\/\/www.messinaoggi.it\/website\/wp-json\/wp\/v2\/posts"}],"about":[{"href":"https:\/\/www.messinaoggi.it\/website\/wp-json\/wp\/v2\/types\/post"}],"author":[{"embeddable":true,"href":"https:\/\/www.messinaoggi.it\/website\/wp-json\/wp\/v2\/users\/2"}],"replies":[{"embeddable":true,"href":"https:\/\/www.messinaoggi.it\/website\/wp-json\/wp\/v2\/comments?post=30306"}],"version-history":[{"count":0,"href":"https:\/\/www.messinaoggi.it\/website\/wp-json\/wp\/v2\/posts\/30306\/revisions"}],"wp:featuredmedia":[{"embeddable":true,"href":"https:\/\/www.messinaoggi.it\/website\/wp-json\/wp\/v2\/media\/12060"}],"wp:attachment":[{"href":"https:\/\/www.messinaoggi.it\/website\/wp-json\/wp\/v2\/media?parent=30306"}],"wp:term":[{"taxonomy":"category","embeddable":true,"href":"https:\/\/www.messinaoggi.it\/website\/wp-json\/wp\/v2\/categories?post=30306"},{"taxonomy":"post_tag","embeddable":true,"href":"https:\/\/www.messinaoggi.it\/website\/wp-json\/wp\/v2\/tags?post=30306"}],"curies":[{"name":"wp","href":"https:\/\/api.w.org\/{rel}","templated":true}]}}