{"id":30264,"date":"2019-03-08T17:00:31","date_gmt":"2019-03-08T16:00:31","guid":{"rendered":"http:\/\/www.messinaoggi.it\/website\/?p=30264"},"modified":"2019-03-08T17:00:31","modified_gmt":"2019-03-08T16:00:31","slug":"lavatoio-di-epoca-fascista-al-villaggio-matteotti-risorsa-da-valorizzare","status":"publish","type":"post","link":"https:\/\/www.messinaoggi.it\/website\/2019\/03\/08\/lavatoio-di-epoca-fascista-al-villaggio-matteotti-risorsa-da-valorizzare\/","title":{"rendered":"Lavatoio di epoca fascista al villaggio Matteotti: risorsa da valorizzare"},"content":{"rendered":"<div id=\"yMail_cursorElementTracker_1551864082087\">Mediante i lavori della IV commissione consiliare Ambiente e Territorio, coordinata dal consigliere Franco Laimo, si \u00e8 appurato lo stato dei luoghi, ovvero il degrado che sta assalendo il lavatoio del villaggio Matteotti.<\/div>\n<div><\/div>\n<div>&#8220;Un neo in una zona riqualificata e dove hanno trovato dimora tante famiglie. Durante i lavori per la realizzazione delle palazzine Iacp &#8211; scrive Laimo &#8211;\u00a0 la zona \u00e8 stata interdetta per anni;\u00a0<a class=\"matchTooltip\">oggi<\/a>\u00a0l&#8217;area \u00e8 stata restituita alla collettivit\u00e0 ma bisognerebbe valorizzare l&#8217;aspetto storico&#8221;.<\/div>\n<div><\/div>\n<div>Secondo Laimo &#8220;bisognerebbe preservare la struttura che ha ancora importanti ed indelebili segni storici, facendola conoscere anche ai turisti; si potrebbe riconvertire l&#8217;edificio creando un centro di aggregazione sociale per bambini ed anziani in una delicata realt\u00e0 sociale, che vede l&#8217;inserimento di nuovi nuclei familiari fra quelli esistenti, e la comunit\u00e0 rom gi\u00e0 presente da anni&#8221;.<\/div>\n<div><\/div>\n<div>Laimo, in qualit\u00e0 di coordinatore, ha gi\u00e0 scritto ai dipartimenti competenti per avviare, insieme ai colleghi della V Circoscrizione ed alle parti interessate, un&#8217;importante collaborazione.<\/div>\n<div id=\"div-gpt-ad-Messinaoggi.it-DSK-300x250-corpoart\" style=\"text-align:center;margin:0 auto;\"><\/div><\/p><div id=\"videoincontent\" style=\"clear:both\";><\/div>","protected":false},"excerpt":{"rendered":"<p>Mediante i lavori della IV commissione consiliare Ambiente e Territorio, coordinata dal consigliere Franco Laimo, si \u00e8 appurato lo stato dei luoghi, ovvero il degrado che sta assalendo il lavatoio del villaggio Matteotti. &#8220;Un neo in una zona riqualificata e dove hanno trovato dimora tante famiglie. Durante i lavori per la realizzazione delle palazzine Iacp [&hellip;]<\/p>\n","protected":false},"author":15,"featured_media":30268,"comment_status":"closed","ping_status":"open","sticky":false,"template":"","format":"standard","meta":{"ub_ctt_via":"","_mi_skip_tracking":false},"categories":[5],"tags":[],"featured_image_src":"https:\/\/www.messinaoggi.it\/website\/wp-content\/uploads\/2019\/03\/villaggio-matteotti-antico-lavatoio.jpg","author_info":{"display_name":"red.me","author_link":"https:\/\/www.messinaoggi.it\/website\/author\/red-me\/"},"digistream_id":0,"digistream":false,"_links":{"self":[{"href":"https:\/\/www.messinaoggi.it\/website\/wp-json\/wp\/v2\/posts\/30264"}],"collection":[{"href":"https:\/\/www.messinaoggi.it\/website\/wp-json\/wp\/v2\/posts"}],"about":[{"href":"https:\/\/www.messinaoggi.it\/website\/wp-json\/wp\/v2\/types\/post"}],"author":[{"embeddable":true,"href":"https:\/\/www.messinaoggi.it\/website\/wp-json\/wp\/v2\/users\/15"}],"replies":[{"embeddable":true,"href":"https:\/\/www.messinaoggi.it\/website\/wp-json\/wp\/v2\/comments?post=30264"}],"version-history":[{"count":0,"href":"https:\/\/www.messinaoggi.it\/website\/wp-json\/wp\/v2\/posts\/30264\/revisions"}],"wp:featuredmedia":[{"embeddable":true,"href":"https:\/\/www.messinaoggi.it\/website\/wp-json\/wp\/v2\/media\/30268"}],"wp:attachment":[{"href":"https:\/\/www.messinaoggi.it\/website\/wp-json\/wp\/v2\/media?parent=30264"}],"wp:term":[{"taxonomy":"category","embeddable":true,"href":"https:\/\/www.messinaoggi.it\/website\/wp-json\/wp\/v2\/categories?post=30264"},{"taxonomy":"post_tag","embeddable":true,"href":"https:\/\/www.messinaoggi.it\/website\/wp-json\/wp\/v2\/tags?post=30264"}],"curies":[{"name":"wp","href":"https:\/\/api.w.org\/{rel}","templated":true}]}}