{"id":3025,"date":"2017-06-17T23:49:01","date_gmt":"2017-06-17T21:49:01","guid":{"rendered":"http:\/\/www.messinaoggi.it\/website\/?p=3025"},"modified":"2017-06-17T23:49:01","modified_gmt":"2017-06-17T21:49:01","slug":"pistunina-ciccio-romeo-rinuncia-alla-panchina","status":"publish","type":"post","link":"https:\/\/www.messinaoggi.it\/website\/2017\/06\/17\/pistunina-ciccio-romeo-rinuncia-alla-panchina\/","title":{"rendered":"Pistunina, Ciccio Romeo rinuncia alla panchina"},"content":{"rendered":"<div style=\"text-align: justify\"><b>Pistunina<\/b> costretto a rivoluzionare i propri piani per la panchina: due settimane dopo l&#8217;annuncio della propria riconferma, il tecnico<strong> Ciccio Romeo<\/strong> ha deciso di rinunciare all&#8217;incarico. E&#8217; quanto si apprende dal direttore sportivo del club rossonero, Raimondo Mortelliti. &#8220;<i>In settimana<\/i> &#8211; spiega quest&#8217;ultimo &#8211; <i>il mister ci ha comunicato che, per motivi strettamente personali, non potr\u00e0 essere a disposizione della societ\u00e0. Da parte nostra, sia pure con grande amarezza, accettiamo la decisione e lo ringraziamo per la seriet\u00e0 e l&#8217;attaccamento ai colori sociali dimostrati nel breve arco di tempo trascorso assieme a noi. Nello stesso tempo gli auguriamo di risolvere presto i suoi problemi<\/i>. <i>A questo punto ci stiamo gi\u00e0 mettendo al lavoro per individuare il nuovo tecnico<\/i>&#8220;.<\/div>\n<div style=\"text-align: justify\">Nessun nome di candidato alla panchina viene fatto da Mortelliti, il quale comunque fa sapere di non tralasciare anche un&#8217;eventuale pista della provincia etnea dalla quale &#8211; fa sapere il ds &#8211; potrebbero arrivare non solo il nuovo allenatore ma anche qualche giocatore.<\/div>\n<div style=\"text-align: justify\">\n<table class=\"tr-caption-container\" style=\"height: 8px\" width=\"5\" cellspacing=\"0\" cellpadding=\"0\">\n<tbody>\n<tr>\n<td><\/td>\n<\/tr>\n<tr>\n<td class=\"tr-caption\"><\/td>\n<td class=\"tr-caption\"><\/td>\n<td class=\"tr-caption\"><\/td>\n<td class=\"tr-caption\"><\/td>\n<\/tr>\n<\/tbody>\n<\/table>\n<p><div id=\"attachment_3026\" style=\"width: 310px\" class=\"wp-caption alignleft\"><img aria-describedby=\"caption-attachment-3026\" loading=\"lazy\" class=\"size-medium wp-image-3026\" src=\"http:\/\/www.messinaoggi.it\/website\/wp-content\/uploads\/2017\/06\/Fazio-Salvo-300x278.jpg\" alt=\"\" width=\"300\" height=\"278\" \/><p id=\"caption-attachment-3026\" class=\"wp-caption-text\">Il portiere del Pistunina Salvo Fazio (Foto Roberto Santoro)<\/p><\/div><br \/>\nFrattanto in giornata Mortelliti &#8211; assieme al presidente Salvatore Velardo e al team manager Aldo Grezzo &#8211; si \u00e8 recato a Roccalumera (localit\u00e0 di origine dello stesso Grezzo) per compiere un sopralluogo presso il locale campo sportivo comunale, dov&#8217;era in corso una manifestazione equina, alla presenza delle istituzioni politiche locali. Il Pistunina sta vagliando, infatti, quello ionico come ipotetico impianto per le gare casalinghe del prossimo torneo calcistico di Promozione. Il club rossonero si sta infatti cautelando qualora si registrasse un eccessivo intasamento nei pochi campi di calcio disponibili a Messina.\n<\/div>\n<div style=\"text-align: justify\">Frattanto, sul fronte calciatori buone notizie in arrivo per il portiere <b>Salvo Fazio<\/b>. &#8220;<i>Ci tenevo a far sapere che con lui ho avuto un confronto<\/i> &#8211; spiega il ds Mortelliti -. <i>Se non dovesse andare fuori sede \u00e8 lui il titolare inamovibile<\/i>&#8220;. L&#8217;estremo difensore classe &#8217;93 ha infatti tenuto a chiarire che, qualora rimanesse calcisticamente a Messina, non prenderebbe in considerazione altre squadre all&#8217;infuori del Pistunina. Un segno, questo, di attaccamento alla maglia rossonera molto apprezzato dal Pistunina, nel segno di una tradizione familiare che negli scorsi anni ha visto militare da calciatore anche il padre Enzo.<\/div>\n<div id=\"div-gpt-ad-Messinaoggi.it-DSK-300x250-corpoart\" style=\"text-align:center;margin:0 auto;\"><\/div><\/p><div id=\"videoincontent\" style=\"clear:both\";><\/div>","protected":false},"excerpt":{"rendered":"<p>Pistunina costretto a rivoluzionare i propri piani per la panchina: due settimane dopo l&#8217;annuncio della propria riconferma, il tecnico Ciccio Romeo ha deciso di rinunciare all&#8217;incarico. E&#8217; quanto si apprende dal direttore sportivo del club rossonero, Raimondo Mortelliti. &#8220;In settimana &#8211; spiega quest&#8217;ultimo &#8211; il mister ci ha comunicato che, per motivi strettamente personali, non [&hellip;]<\/p>\n","protected":false},"author":9,"featured_media":1314,"comment_status":"closed","ping_status":"open","sticky":false,"template":"","format":"standard","meta":{"ub_ctt_via":"","_mi_skip_tracking":false},"categories":[10,9],"tags":[],"featured_image_src":"https:\/\/www.messinaoggi.it\/website\/wp-content\/uploads\/2017\/06\/Romeo-Ciccio-2.jpg","author_info":{"display_name":"Roberto Santoro","author_link":"https:\/\/www.messinaoggi.it\/website\/author\/r-santoro\/"},"digistream_id":0,"digistream":false,"_links":{"self":[{"href":"https:\/\/www.messinaoggi.it\/website\/wp-json\/wp\/v2\/posts\/3025"}],"collection":[{"href":"https:\/\/www.messinaoggi.it\/website\/wp-json\/wp\/v2\/posts"}],"about":[{"href":"https:\/\/www.messinaoggi.it\/website\/wp-json\/wp\/v2\/types\/post"}],"author":[{"embeddable":true,"href":"https:\/\/www.messinaoggi.it\/website\/wp-json\/wp\/v2\/users\/9"}],"replies":[{"embeddable":true,"href":"https:\/\/www.messinaoggi.it\/website\/wp-json\/wp\/v2\/comments?post=3025"}],"version-history":[{"count":0,"href":"https:\/\/www.messinaoggi.it\/website\/wp-json\/wp\/v2\/posts\/3025\/revisions"}],"wp:featuredmedia":[{"embeddable":true,"href":"https:\/\/www.messinaoggi.it\/website\/wp-json\/wp\/v2\/media\/1314"}],"wp:attachment":[{"href":"https:\/\/www.messinaoggi.it\/website\/wp-json\/wp\/v2\/media?parent=3025"}],"wp:term":[{"taxonomy":"category","embeddable":true,"href":"https:\/\/www.messinaoggi.it\/website\/wp-json\/wp\/v2\/categories?post=3025"},{"taxonomy":"post_tag","embeddable":true,"href":"https:\/\/www.messinaoggi.it\/website\/wp-json\/wp\/v2\/tags?post=3025"}],"curies":[{"name":"wp","href":"https:\/\/api.w.org\/{rel}","templated":true}]}}