{"id":30219,"date":"2019-03-07T12:06:02","date_gmt":"2019-03-07T11:06:02","guid":{"rendered":"http:\/\/www.messinaoggi.it\/website\/?p=30219"},"modified":"2019-03-07T12:06:02","modified_gmt":"2019-03-07T11:06:02","slug":"autorita-dello-stretto-i-deputati-del-m5s-presto-la-nuova-governace","status":"publish","type":"post","link":"https:\/\/www.messinaoggi.it\/website\/2019\/03\/07\/autorita-dello-stretto-i-deputati-del-m5s-presto-la-nuova-governace\/","title":{"rendered":"Autorit\u00e0 dello Stretto, i deputati del M5S: &quot;Presto la nuova governace&quot;"},"content":{"rendered":"<p class=\"m_3532854991510352751m_-4128057511956434600m_-8361461437868074736m_-8117635058011873621m_-8256447314285798132m_1499278977540141071m_4563365809122093602gmail-m_-3876390504342697168m_-2227611393037262582gmail-m_1132382529756290462gmail-m_-994934262227124255gmail-m_-4388938767830890788gmail-m_5607110207184386451gmail-m_8532647346260724440m_2389676829924977246gmail-m_-9164756151058455467gmail-m_8626729701575353658gmail-m_1268171473221467904gmail-m_-1407384171246969745gmail-m_-8375534393852094974m_-8795999545103956087gmail-m_5109087821944630515gmail-m_7835392975789825519gmail-m_6897906315285370541gmail-m_-1982327884019262704gmail-m_-1064222649674944423gmail-m_1244559428343338820gmail-m_-7167178154057564476gmail-m_-8349678089513974054m_1725114510881883014gmail-m_-4382177878688065627gmail-m_-7490458440684985343gmail-m_-3560895066677403787m_2526422898398824014m_2896254828920486854gmail-m_-989713134624412672m_3631676815315453535gmail-m_-2659581110143386159gmail-m_5216935372446684996gmail-m_2821814131454499269m_7769982553627587665m_-3577532330601146256gmail-m_6739652195555403852gmail-m_5593201320631984650gmail-m_-8589982598334670834gmail-m_8441896632678963358gmail-m_-164552477462898922gmail-m_-5359346482178313531gmail-m_5353321915833085158m_4522773190239407907gmail-m_-299943461160879990gmail-m_-1329367361948202248gmail-m_4691364156602401348m_-341101052991464172gmail-m_2234482953466657907gmail-m_9197666645438861339m_3009001923957545488gmail-m_-1134313997304240561m_-8343845924128855906gmail-m_-3190028808485284986m_4046912242921962696gmail-m_8895782752580932837gmail-m_4442007420488151080m_-5030458668114658759gmail-m_-4462931096374389422gmail-m_-8109804110363216738gmail-m_-2417448671623636681gmail-m_616508341456046500gmail-m_4887947905362386081gmail-p1\">\u201cLa XVI Autorit\u00e0 Portuale dello Stretto avr\u00e0 presto la sua governance. Il Ministero delle Infrastrutture e dei Trasporti ha difatti avviato la raccolta di manifestazioni di interesse per l\u2019incarico di Presidente\u201d.<div id=\"div-gpt-ad-Messinaoggi.it-DSK-300x250-corpoart\" style=\"text-align:center;margin:0 auto;\"><\/div><\/p>\n<p class=\"m_3532854991510352751m_-4128057511956434600m_-8361461437868074736m_-8117635058011873621m_-8256447314285798132m_1499278977540141071m_4563365809122093602gmail-m_-3876390504342697168m_-2227611393037262582gmail-m_1132382529756290462gmail-m_-994934262227124255gmail-m_-4388938767830890788gmail-m_5607110207184386451gmail-m_8532647346260724440m_2389676829924977246gmail-m_-9164756151058455467gmail-m_8626729701575353658gmail-m_1268171473221467904gmail-m_-1407384171246969745gmail-m_-8375534393852094974m_-8795999545103956087gmail-m_5109087821944630515gmail-m_7835392975789825519gmail-m_6897906315285370541gmail-m_-1982327884019262704gmail-m_-1064222649674944423gmail-m_1244559428343338820gmail-m_-7167178154057564476gmail-m_-8349678089513974054m_1725114510881883014gmail-m_-4382177878688065627gmail-m_-7490458440684985343gmail-m_-3560895066677403787m_2526422898398824014m_2896254828920486854gmail-m_-989713134624412672m_3631676815315453535gmail-m_-2659581110143386159gmail-m_5216935372446684996gmail-m_2821814131454499269m_7769982553627587665m_-3577532330601146256gmail-m_6739652195555403852gmail-m_5593201320631984650gmail-m_-8589982598334670834gmail-m_8441896632678963358gmail-m_-164552477462898922gmail-m_-5359346482178313531gmail-m_5353321915833085158m_4522773190239407907gmail-m_-299943461160879990gmail-m_-1329367361948202248gmail-m_4691364156602401348m_-341101052991464172gmail-m_2234482953466657907gmail-m_9197666645438861339m_3009001923957545488gmail-m_-1134313997304240561m_-8343845924128855906gmail-m_-3190028808485284986m_4046912242921962696gmail-m_8895782752580932837gmail-m_4442007420488151080m_-5030458668114658759gmail-m_-4462931096374389422gmail-m_-8109804110363216738gmail-m_-2417448671623636681gmail-m_616508341456046500gmail-m_4887947905362386081gmail-p1\">I PortaVoce del MoViMento 5 Stelle Francesco D\u2019Uva, Barbara Floridia, Alessio Villarosa, Grazia D\u2019Angelo e Antonella Papiro, annunciano che da oggi verr\u00e0 avviata la raccolta di manifestazioni di interesse per raccogliere profili qualificati che possano ricoprire, in via esclusiva e a tempo pieno, il ruolo di Presidente della XVI Autorit\u00e0 di Sistema.<div id=\"videoincontent\" style=\"clear:both\";><\/div><\/p>\n<p class=\"m_3532854991510352751m_-4128057511956434600m_-8361461437868074736m_-8117635058011873621m_-8256447314285798132m_1499278977540141071m_4563365809122093602gmail-m_-3876390504342697168m_-2227611393037262582gmail-m_1132382529756290462gmail-m_-994934262227124255gmail-m_-4388938767830890788gmail-m_5607110207184386451gmail-m_8532647346260724440m_2389676829924977246gmail-m_-9164756151058455467gmail-m_8626729701575353658gmail-m_1268171473221467904gmail-m_-1407384171246969745gmail-m_-8375534393852094974m_-8795999545103956087gmail-m_5109087821944630515gmail-m_7835392975789825519gmail-m_6897906315285370541gmail-m_-1982327884019262704gmail-m_-1064222649674944423gmail-m_1244559428343338820gmail-m_-7167178154057564476gmail-m_-8349678089513974054m_1725114510881883014gmail-m_-4382177878688065627gmail-m_-7490458440684985343gmail-m_-3560895066677403787m_2526422898398824014m_2896254828920486854gmail-m_-989713134624412672m_3631676815315453535gmail-m_-2659581110143386159gmail-m_5216935372446684996gmail-m_2821814131454499269m_7769982553627587665m_-3577532330601146256gmail-m_6739652195555403852gmail-m_5593201320631984650gmail-m_-8589982598334670834gmail-m_8441896632678963358gmail-m_-164552477462898922gmail-m_-5359346482178313531gmail-m_5353321915833085158m_4522773190239407907gmail-m_-299943461160879990gmail-m_-1329367361948202248gmail-m_4691364156602401348m_-341101052991464172gmail-m_2234482953466657907gmail-m_9197666645438861339m_3009001923957545488gmail-m_-1134313997304240561m_-8343845924128855906gmail-m_-3190028808485284986m_4046912242921962696gmail-m_8895782752580932837gmail-m_4442007420488151080m_-5030458668114658759gmail-m_-4462931096374389422gmail-m_-8109804110363216738gmail-m_-2417448671623636681gmail-m_616508341456046500gmail-m_4887947905362386081gmail-p1\">\u201cLa scelta del nome, una volta sentite le Commissioni parlamentari, verr\u00e0 poi fatta dal Ministro delle Infrastrutture e dei Trasporti d\u2019intesa con i Presidenti delle Regioni della Calabria e della Sicilia\u201d, specifica D\u2019Uva.<\/p>\n<p class=\"m_3532854991510352751m_-4128057511956434600m_-8361461437868074736m_-8117635058011873621m_-8256447314285798132m_1499278977540141071m_4563365809122093602gmail-m_-3876390504342697168m_-2227611393037262582gmail-m_1132382529756290462gmail-m_-994934262227124255gmail-m_-4388938767830890788gmail-m_5607110207184386451gmail-m_8532647346260724440m_2389676829924977246gmail-m_-9164756151058455467gmail-m_8626729701575353658gmail-m_1268171473221467904gmail-m_-1407384171246969745gmail-m_-8375534393852094974m_-8795999545103956087gmail-m_5109087821944630515gmail-m_7835392975789825519gmail-m_6897906315285370541gmail-m_-1982327884019262704gmail-m_-1064222649674944423gmail-m_1244559428343338820gmail-m_-7167178154057564476gmail-m_-8349678089513974054m_1725114510881883014gmail-m_-4382177878688065627gmail-m_-7490458440684985343gmail-m_-3560895066677403787m_2526422898398824014m_2896254828920486854gmail-m_-989713134624412672m_3631676815315453535gmail-m_-2659581110143386159gmail-m_5216935372446684996gmail-m_2821814131454499269m_7769982553627587665m_-3577532330601146256gmail-m_6739652195555403852gmail-m_5593201320631984650gmail-m_-8589982598334670834gmail-m_8441896632678963358gmail-m_-164552477462898922gmail-m_-5359346482178313531gmail-m_5353321915833085158m_4522773190239407907gmail-m_-299943461160879990gmail-m_-1329367361948202248gmail-m_4691364156602401348m_-341101052991464172gmail-m_2234482953466657907gmail-m_9197666645438861339m_3009001923957545488gmail-m_-1134313997304240561m_-8343845924128855906gmail-m_-3190028808485284986m_4046912242921962696gmail-m_8895782752580932837gmail-m_4442007420488151080m_-5030458668114658759gmail-m_-4462931096374389422gmail-m_-8109804110363216738gmail-m_-2417448671623636681gmail-m_616508341456046500gmail-m_4887947905362386081gmail-p1\">La norma prevede che il Presidente dell\u2019AdSP venga scelto fra cittadini dei Paesi membri dell\u2019Unione europea, aventi comprovata esperienza e qualificazione professionale nei settori dell\u2019economia dei trasporti e portuale.<\/p>\n<p class=\"m_3532854991510352751m_-4128057511956434600m_-8361461437868074736m_-8117635058011873621m_-8256447314285798132m_1499278977540141071m_4563365809122093602gmail-m_-3876390504342697168m_-2227611393037262582gmail-m_1132382529756290462gmail-m_-994934262227124255gmail-m_-4388938767830890788gmail-m_5607110207184386451gmail-m_8532647346260724440m_2389676829924977246gmail-m_-9164756151058455467gmail-m_8626729701575353658gmail-m_1268171473221467904gmail-m_-1407384171246969745gmail-m_-8375534393852094974m_-8795999545103956087gmail-m_5109087821944630515gmail-m_7835392975789825519gmail-m_6897906315285370541gmail-m_-1982327884019262704gmail-m_-1064222649674944423gmail-m_1244559428343338820gmail-m_-7167178154057564476gmail-m_-8349678089513974054m_1725114510881883014gmail-m_-4382177878688065627gmail-m_-7490458440684985343gmail-m_-3560895066677403787m_2526422898398824014m_2896254828920486854gmail-m_-989713134624412672m_3631676815315453535gmail-m_-2659581110143386159gmail-m_5216935372446684996gmail-m_2821814131454499269m_7769982553627587665m_-3577532330601146256gmail-m_6739652195555403852gmail-m_5593201320631984650gmail-m_-8589982598334670834gmail-m_8441896632678963358gmail-m_-164552477462898922gmail-m_-5359346482178313531gmail-m_5353321915833085158m_4522773190239407907gmail-m_-299943461160879990gmail-m_-1329367361948202248gmail-m_4691364156602401348m_-341101052991464172gmail-m_2234482953466657907gmail-m_9197666645438861339m_3009001923957545488gmail-m_-1134313997304240561m_-8343845924128855906gmail-m_-3190028808485284986m_4046912242921962696gmail-m_8895782752580932837gmail-m_4442007420488151080m_-5030458668114658759gmail-m_-4462931096374389422gmail-m_-8109804110363216738gmail-m_-2417448671623636681gmail-m_616508341456046500gmail-m_4887947905362386081gmail-p1\">&#8220;Da mesi seguo l&#8217;iter necessario per dare vita all&#8217;Autorit\u00e0 Sistemica dello Stretto &#8211; sottolinea la Floridia &#8211; e l\u2019approvazione della legge numero 136\/2018 ha portato un immediato effetto benefico, con l&#8217;avvio di importanti iniziative nell&#8217;arco di poche settimane. Oggi il percorso del rinnovamento continua, il momento della Call \u00e8 un passaggio significativo. Sono certa che il Ministro sapr\u00e0 individuare la figura pi\u00f9 adatta a questo ruolo, un professionista di alto spessore, capace di raggiungere l&#8217;ambizioso obiettivo di rilanciare concretamente l&#8217;area dello Stretto\u201d.<\/p>\n","protected":false},"excerpt":{"rendered":"<p>\u201cLa XVI Autorit\u00e0 Portuale dello Stretto avr\u00e0 presto la sua governance. Il Ministero delle Infrastrutture e dei Trasporti ha difatti avviato la raccolta di manifestazioni di interesse per l\u2019incarico di Presidente\u201d. I PortaVoce del MoViMento 5 Stelle Francesco D\u2019Uva, Barbara Floridia, Alessio Villarosa, Grazia D\u2019Angelo e Antonella Papiro, annunciano che da oggi verr\u00e0 avviata la [&hellip;]<\/p>\n","protected":false},"author":2,"featured_media":30220,"comment_status":"closed","ping_status":"open","sticky":false,"template":"","format":"standard","meta":{"ub_ctt_via":"","_mi_skip_tracking":false},"categories":[4],"tags":[],"featured_image_src":"https:\/\/www.messinaoggi.it\/website\/wp-content\/uploads\/2019\/03\/132f6bae-f500-4bdf-bdd7-8c4f9bd20e8f.jpg","author_info":{"display_name":"Redazione","author_link":"https:\/\/www.messinaoggi.it\/website\/author\/redazione\/"},"digistream_id":0,"digistream":false,"_links":{"self":[{"href":"https:\/\/www.messinaoggi.it\/website\/wp-json\/wp\/v2\/posts\/30219"}],"collection":[{"href":"https:\/\/www.messinaoggi.it\/website\/wp-json\/wp\/v2\/posts"}],"about":[{"href":"https:\/\/www.messinaoggi.it\/website\/wp-json\/wp\/v2\/types\/post"}],"author":[{"embeddable":true,"href":"https:\/\/www.messinaoggi.it\/website\/wp-json\/wp\/v2\/users\/2"}],"replies":[{"embeddable":true,"href":"https:\/\/www.messinaoggi.it\/website\/wp-json\/wp\/v2\/comments?post=30219"}],"version-history":[{"count":0,"href":"https:\/\/www.messinaoggi.it\/website\/wp-json\/wp\/v2\/posts\/30219\/revisions"}],"wp:featuredmedia":[{"embeddable":true,"href":"https:\/\/www.messinaoggi.it\/website\/wp-json\/wp\/v2\/media\/30220"}],"wp:attachment":[{"href":"https:\/\/www.messinaoggi.it\/website\/wp-json\/wp\/v2\/media?parent=30219"}],"wp:term":[{"taxonomy":"category","embeddable":true,"href":"https:\/\/www.messinaoggi.it\/website\/wp-json\/wp\/v2\/categories?post=30219"},{"taxonomy":"post_tag","embeddable":true,"href":"https:\/\/www.messinaoggi.it\/website\/wp-json\/wp\/v2\/tags?post=30219"}],"curies":[{"name":"wp","href":"https:\/\/api.w.org\/{rel}","templated":true}]}}