{"id":30172,"date":"2019-03-06T09:35:29","date_gmt":"2019-03-06T08:35:29","guid":{"rendered":"http:\/\/www.messinaoggi.it\/website\/?p=30172"},"modified":"2019-03-06T09:35:29","modified_gmt":"2019-03-06T08:35:29","slug":"auto-contro-furgone-in-via-la-farina","status":"publish","type":"post","link":"https:\/\/www.messinaoggi.it\/website\/2019\/03\/06\/auto-contro-furgone-in-via-la-farina\/","title":{"rendered":"Auto contro furgone in via La Farina"},"content":{"rendered":"<p>Un incidente stradale, per fortuna senza gravi conseguenze, si \u00e8 verificato questa mattina intorno alle 8.30 in via La Farina all&#8217;altezza dell&#8217;incrocio con via Trieste.<br \/>\nA causa di una mancata precedenza sono entrati in collisione un furgone ed un&#8217;utilitaria. Sul posto si sono portati gli agenti della polizia municipale, che hanno effettuato i rilievi di legge. Considerata l&#8217;ora di punta, il traffico ha sub\u00ecto rallentamenti. La situazione \u00e8 tornata alla normalit\u00e0 intorno alle 10.<div id=\"div-gpt-ad-Messinaoggi.it-DSK-300x250-corpoart\" style=\"text-align:center;margin:0 auto;\"><\/div><\/p>\n<div id=\"videoincontent\" style=\"clear:both\";><\/div>","protected":false},"excerpt":{"rendered":"<p>Un incidente stradale, per fortuna senza gravi conseguenze, si \u00e8 verificato questa mattina intorno alle 8.30 in via La Farina all&#8217;altezza dell&#8217;incrocio con via Trieste. A causa di una mancata precedenza sono entrati in collisione un furgone ed un&#8217;utilitaria. Sul posto si sono portati gli agenti della polizia municipale, che hanno effettuato i rilievi di [&hellip;]<\/p>\n","protected":false},"author":15,"featured_media":30173,"comment_status":"closed","ping_status":"open","sticky":false,"template":"","format":"standard","meta":{"ub_ctt_via":"","_mi_skip_tracking":false},"categories":[5],"tags":[],"featured_image_src":"https:\/\/www.messinaoggi.it\/website\/wp-content\/uploads\/2019\/03\/IMG-20190306-WA0000.jpg","author_info":{"display_name":"red.me","author_link":"https:\/\/www.messinaoggi.it\/website\/author\/red-me\/"},"digistream_id":0,"digistream":false,"_links":{"self":[{"href":"https:\/\/www.messinaoggi.it\/website\/wp-json\/wp\/v2\/posts\/30172"}],"collection":[{"href":"https:\/\/www.messinaoggi.it\/website\/wp-json\/wp\/v2\/posts"}],"about":[{"href":"https:\/\/www.messinaoggi.it\/website\/wp-json\/wp\/v2\/types\/post"}],"author":[{"embeddable":true,"href":"https:\/\/www.messinaoggi.it\/website\/wp-json\/wp\/v2\/users\/15"}],"replies":[{"embeddable":true,"href":"https:\/\/www.messinaoggi.it\/website\/wp-json\/wp\/v2\/comments?post=30172"}],"version-history":[{"count":0,"href":"https:\/\/www.messinaoggi.it\/website\/wp-json\/wp\/v2\/posts\/30172\/revisions"}],"wp:featuredmedia":[{"embeddable":true,"href":"https:\/\/www.messinaoggi.it\/website\/wp-json\/wp\/v2\/media\/30173"}],"wp:attachment":[{"href":"https:\/\/www.messinaoggi.it\/website\/wp-json\/wp\/v2\/media?parent=30172"}],"wp:term":[{"taxonomy":"category","embeddable":true,"href":"https:\/\/www.messinaoggi.it\/website\/wp-json\/wp\/v2\/categories?post=30172"},{"taxonomy":"post_tag","embeddable":true,"href":"https:\/\/www.messinaoggi.it\/website\/wp-json\/wp\/v2\/tags?post=30172"}],"curies":[{"name":"wp","href":"https:\/\/api.w.org\/{rel}","templated":true}]}}