{"id":30138,"date":"2019-03-05T15:00:11","date_gmt":"2019-03-05T14:00:11","guid":{"rendered":"http:\/\/www.messinaoggi.it\/website\/?p=30138"},"modified":"2019-03-05T15:00:11","modified_gmt":"2019-03-05T14:00:11","slug":"forza-lavoro-a-palazzo-zanca-sempre-piu-esigua-gioveni-chiede-un-confronto-in-aula","status":"publish","type":"post","link":"https:\/\/www.messinaoggi.it\/website\/2019\/03\/05\/forza-lavoro-a-palazzo-zanca-sempre-piu-esigua-gioveni-chiede-un-confronto-in-aula\/","title":{"rendered":"Forza lavoro a Palazzo Zanca sempre pi\u00f9 esigua, Gioveni chiede un confronto in Aula"},"content":{"rendered":"<p lang=\"it-IT\">\u201c<span style=\"font-family: Arial, sans-serif\"><em>Dobbiamo solo dare colpa alle norme e ai vincoli di legge, oppure anche ad una volont\u00e0 politica poco incisiva e, perch\u00e9 no, poco lungimirante?<\/em>\u201d. \u00c8 quanto si chiede l&#8217;esponente Pd in Consiglio Comunale, Libero Gioveni, con riferimento alla delicata questione della forza lavoro in seno al comune di Messina, che nel corso del tempo \u00e8 divenuta sempre pi\u00f9 esigua. In tal senso, il consigliere comunale chiede che la discussione di tale problematica sbarchi tra i banchi dell&#8217;aula consiliare, perch\u00e9, come ci tiene a mettere in evidenza, \u201c<em>il rischio che Palazzo Zanca da qui a breve possa essere ancora fortemente depotenziato \u00e8 davvero alto, con conseguente forte pregiudizio sui numerosi servizi di pubblica utilit\u00e0<\/em>\u201d. Riportiamo qui di seguito il resto della nota dell&#8217;esponente Pd in Consiglio Comunale:<\/span><div id=\"div-gpt-ad-Messinaoggi.it-DSK-300x250-corpoart\" style=\"text-align:center;margin:0 auto;\"><\/div><\/p>\n<p lang=\"it-IT\"><span style=\"font-family: Arial, sans-serif\">&#8220;<em>Accade che due nostri giovani vigili urbani dei 21 concorsisti abbiano dato le dimissioni perch\u00e9 vincitori di un concorso a tempo indeterminato nella polizia municipale del Comune di Bari (sono gi\u00e0 in sevizio dal 1 marzo), mentre altri agenti potrebbero lasciare perch\u00e9 idonei nella graduatoria del Comune di Roma.<\/em><br \/>\n&#8220;<em>Accadr\u00e0, a tal proposito, che ai restanti 19, salvo concessione della cosiddetta \u201cproroga assistita\u201d per 1 anno, scadr\u00e0 il contratto fra luglio 2019 e 2020, con nemmeno il minimo tentativo di richiesta, da parte dell\u2019Amministrazione, della concessione dei provvidenziali \u201cpoteri speciali\u201d del Governo (che ho personalmente sollecitato al sindaco De Luca e all\u2019assessore alla polizia municipale Musolino), che certamente avrebbero consentito di derogare alle stringenti vigenti norme in materia di assunzione di personale.<\/em><br \/>\n&#8220;<em>Accade anche che un bando per la mobilit\u00e0 esterna volontaria pubblicato a dicembre 2018 per 29 posti, che avrebbe consentito a cittadini messinesi che da anni lavorano nelle pubbliche amministrazioni di altri comuni, sia stato annullato da questa Amministrazione, infrangendo i sogni di chi desidererebbe tornare nella propria terra.<\/em><br \/>\n&#8220;Accade, infine (ma non in ordine cronologico) che dei famosi 51 posti del \u201cconcorsone\u201d al Comune di Messina, annunciato con troppa enfasi dall\u2019Amministrazione Accorinti nel 2017, si sia rivelato solo un \u201cbluff\u201d tipico delle pi\u00f9 agguerrite campagne elettorali.<br \/>\n&#8220;<em>Intanto, accade pure che quest\u2019anno, a seguito della famigerata \u201cquota 100\u201d, pur consolandoci con la stabilizzazione degli ultimi 76 precari (che per\u00f2 non implementano la pianta organizza essendo gi\u00e0 in forza) parecchi altri dipendenti comunali andranno in pensione, senza che avvenga ancora il necessario ricambio generazionale! Cos\u00ec come accade ancora che il Segretario Generale disponga la mobilit\u00e0 interna del personale, con alcune figure che, pur non rientranti nelle aree a rischio corruzione ai sensi della normativa vigente e avendo operato bene nelle loro mansioni originarie, siano state collocate in altri ambiti facendo leva su valutazioni forse troppo superficiali.<\/em><br \/>\n&#8220;<em>Sarebbe, pertanto, importante affrontare finalmente e definitivamente la questione della forza lavoro in seno al Comune di Messina direttamente in Aula, sulla scia di quella condivisione politica e sindacale tanto decantata dal sindaco De Luca<\/em>&#8220;.<\/span><div id=\"videoincontent\" style=\"clear:both\";><\/div><\/p>\n","protected":false},"excerpt":{"rendered":"<p>\u201cDobbiamo solo dare colpa alle norme e ai vincoli di legge, oppure anche ad una volont\u00e0 politica poco incisiva e, perch\u00e9 no, poco lungimirante?\u201d. \u00c8 quanto si chiede l&#8217;esponente Pd in Consiglio Comunale, Libero Gioveni, con riferimento alla delicata questione della forza lavoro in seno al comune di Messina, che nel corso del tempo \u00e8 [&hellip;]<\/p>\n","protected":false},"author":8,"featured_media":10353,"comment_status":"closed","ping_status":"open","sticky":false,"template":"","format":"standard","meta":{"ub_ctt_via":"","_mi_skip_tracking":false},"categories":[4],"tags":[],"featured_image_src":"https:\/\/www.messinaoggi.it\/website\/wp-content\/uploads\/2017\/10\/palazzo-zanca-messina.jpg","author_info":{"display_name":"red..me","author_link":"https:\/\/www.messinaoggi.it\/website\/author\/redstage\/"},"digistream_id":0,"digistream":false,"_links":{"self":[{"href":"https:\/\/www.messinaoggi.it\/website\/wp-json\/wp\/v2\/posts\/30138"}],"collection":[{"href":"https:\/\/www.messinaoggi.it\/website\/wp-json\/wp\/v2\/posts"}],"about":[{"href":"https:\/\/www.messinaoggi.it\/website\/wp-json\/wp\/v2\/types\/post"}],"author":[{"embeddable":true,"href":"https:\/\/www.messinaoggi.it\/website\/wp-json\/wp\/v2\/users\/8"}],"replies":[{"embeddable":true,"href":"https:\/\/www.messinaoggi.it\/website\/wp-json\/wp\/v2\/comments?post=30138"}],"version-history":[{"count":0,"href":"https:\/\/www.messinaoggi.it\/website\/wp-json\/wp\/v2\/posts\/30138\/revisions"}],"wp:featuredmedia":[{"embeddable":true,"href":"https:\/\/www.messinaoggi.it\/website\/wp-json\/wp\/v2\/media\/10353"}],"wp:attachment":[{"href":"https:\/\/www.messinaoggi.it\/website\/wp-json\/wp\/v2\/media?parent=30138"}],"wp:term":[{"taxonomy":"category","embeddable":true,"href":"https:\/\/www.messinaoggi.it\/website\/wp-json\/wp\/v2\/categories?post=30138"},{"taxonomy":"post_tag","embeddable":true,"href":"https:\/\/www.messinaoggi.it\/website\/wp-json\/wp\/v2\/tags?post=30138"}],"curies":[{"name":"wp","href":"https:\/\/api.w.org\/{rel}","templated":true}]}}