{"id":30117,"date":"2019-03-05T07:00:22","date_gmt":"2019-03-05T06:00:22","guid":{"rendered":"http:\/\/www.messinaoggi.it\/website\/?p=30117"},"modified":"2019-03-05T07:00:22","modified_gmt":"2019-03-05T06:00:22","slug":"sos-erosione-a-marmora-ora-messina-sollecita-lintervento-della-regione","status":"publish","type":"post","link":"https:\/\/www.messinaoggi.it\/website\/2019\/03\/05\/sos-erosione-a-marmora-ora-messina-sollecita-lintervento-della-regione\/","title":{"rendered":"Sos erosione a Marmora, Ora Messina sollecita l&#039;intervento della Regione"},"content":{"rendered":"<p>L&#8217;erosione della zona nord non si ferma, Ora Messina cerca di riaccendere i riflettori sulla questione. &#8220;Nei mesi scorsi avevamo posto all\u2019attenzione delle istituzioni e dei media la condizione di criticit\u00e0 di larga parte della zona costiera della parte nord di Messina. Il passaggio dell\u2019inverno con le sue perturbazioni non ha risparmiato le aree gi\u00e0 segnalate \u2013 ricorda il consigliere Francesco Pagano -. Nei giorni scorsi mi sono recato insieme all\u2019assessore Minutoli nella zona di Marmora. Il mare \u00e8 stato impietoso, andando a erodere gran parte della costa, creando danni strutturali anche alla rete fognaria.<br \/>\nDal sopralluogo effettuato insieme all\u2019assessore abbiamo compreso come la situazione sia ben oltre il sopportabile. In quel tratto \u00e8 ormai abitudine, infatti, convivere con la rottura delle condutture fognarie a causa delle mareggiate. Interventi tampone vengono effettuati con buona celerit\u00e0, questo per\u00f2 non \u00e8 lecito aspettarselo in eterno. Devono essere progettati \u2013 attacca il consigliere di Ora Messina \u2013 lavori di messa in sicurezza definitivi che vadano a contrastare la potenza del mare nei giorni di vento pi\u00f9 incessante. Nelle scorse settimane il forte maestrale ha reso la zona invivibile, con una forte paura per tutti i cittadini.<br \/>\nQualche mese fa avevamo raccontato di come i fondi regionali fossero stati stanziati ma rimasti bloccati, con interventi a macchia di leopardo che andavano a rendere incerto il futuro di zone fortemente compromesse come quella di Rodia Puccino. I mesi invernali stanno per finire, siamo tutti consapevoli che per\u00f2 la nostra particolare area geografica \u00e8 accompagnata da forti venti per tutto l\u2019intero anno.<br \/>\nL\u2019intervento dell\u2019assessore Minutoli \u00e8 decisivo, in quanto occorre una presenza viva delle istituzioni amministrative locali; solo cos\u00ec \u00e8 possibile destare la Regione da un immobilismo difficile da far comprendere alla cittadinanza. Siamo consapevoli della burocrazia capace di rallentare ogni lavoro, complicato farlo digerire a chi aspetta da tempo degli interventi.<br \/>\nMarted\u00ec 5 marzo dovrebbero arrivare delle comunicazioni pi\u00f9 concrete sui temi, nel frattempo insieme all\u2019assessore Minutoli siamo riusciti a strappare la promessa di interventi e sblocco dei fondi per i prossimi 8 mesi. Intanto va sottolineato il lavoro dell\u2019Amam, soggetto a svariate segnalazioni, per il ripristino quantomeno momentaneo della rete fognaria di Marmora saltato nelle settimane scorse.<br \/>\nLa speranza \u2013 conclude Pagano \u2013 rimane quella di non dover assistere a interventi di totale emergenza ma progettuali per la messa in sicurezza di territorio e infrastrutture&#8221;.<div id=\"div-gpt-ad-Messinaoggi.it-DSK-300x250-corpoart\" style=\"text-align:center;margin:0 auto;\"><\/div><\/p>\n<div id=\"videoincontent\" style=\"clear:both\";><\/div>","protected":false},"excerpt":{"rendered":"<p>L&#8217;erosione della zona nord non si ferma, Ora Messina cerca di riaccendere i riflettori sulla questione. &#8220;Nei mesi scorsi avevamo posto all\u2019attenzione delle istituzioni e dei media la condizione di criticit\u00e0 di larga parte della zona costiera della parte nord di Messina. Il passaggio dell\u2019inverno con le sue perturbazioni non ha risparmiato le aree gi\u00e0 [&hellip;]<\/p>\n","protected":false},"author":15,"featured_media":30118,"comment_status":"closed","ping_status":"open","sticky":false,"template":"","format":"standard","meta":{"ub_ctt_via":"","_mi_skip_tracking":false},"categories":[5],"tags":[],"featured_image_src":"https:\/\/www.messinaoggi.it\/website\/wp-content\/uploads\/2019\/03\/maltempo-mareggiata.jpg","author_info":{"display_name":"red.me","author_link":"https:\/\/www.messinaoggi.it\/website\/author\/red-me\/"},"digistream_id":0,"digistream":false,"_links":{"self":[{"href":"https:\/\/www.messinaoggi.it\/website\/wp-json\/wp\/v2\/posts\/30117"}],"collection":[{"href":"https:\/\/www.messinaoggi.it\/website\/wp-json\/wp\/v2\/posts"}],"about":[{"href":"https:\/\/www.messinaoggi.it\/website\/wp-json\/wp\/v2\/types\/post"}],"author":[{"embeddable":true,"href":"https:\/\/www.messinaoggi.it\/website\/wp-json\/wp\/v2\/users\/15"}],"replies":[{"embeddable":true,"href":"https:\/\/www.messinaoggi.it\/website\/wp-json\/wp\/v2\/comments?post=30117"}],"version-history":[{"count":0,"href":"https:\/\/www.messinaoggi.it\/website\/wp-json\/wp\/v2\/posts\/30117\/revisions"}],"wp:featuredmedia":[{"embeddable":true,"href":"https:\/\/www.messinaoggi.it\/website\/wp-json\/wp\/v2\/media\/30118"}],"wp:attachment":[{"href":"https:\/\/www.messinaoggi.it\/website\/wp-json\/wp\/v2\/media?parent=30117"}],"wp:term":[{"taxonomy":"category","embeddable":true,"href":"https:\/\/www.messinaoggi.it\/website\/wp-json\/wp\/v2\/categories?post=30117"},{"taxonomy":"post_tag","embeddable":true,"href":"https:\/\/www.messinaoggi.it\/website\/wp-json\/wp\/v2\/tags?post=30117"}],"curies":[{"name":"wp","href":"https:\/\/api.w.org\/{rel}","templated":true}]}}