{"id":30110,"date":"2019-03-04T16:55:21","date_gmt":"2019-03-04T15:55:21","guid":{"rendered":"http:\/\/www.messinaoggi.it\/website\/?p=30110"},"modified":"2019-03-04T16:55:21","modified_gmt":"2019-03-04T15:55:21","slug":"interventi-urgenti-sulle-alberature-limitazioni-viarie-fino-a-lunedi-18-marzo","status":"publish","type":"post","link":"https:\/\/www.messinaoggi.it\/website\/2019\/03\/04\/interventi-urgenti-sulle-alberature-limitazioni-viarie-fino-a-lunedi-18-marzo\/","title":{"rendered":"Interventi urgenti sulle alberature, limitazioni viarie fino a luned\u00ec 18 marzo"},"content":{"rendered":"<p>Per consentire interventi urgenti sulle alberature in citt\u00e0 e nei villaggi, il dipartimento Mobilit\u00e0 Urbana ha disposto sino a luned\u00ec 18 limitazioni alla sosta nella fascia oraria 6 &#8211; 17.30, in via Santa Cecilia, nel tratto compreso tra piazza Trombetta e via La Farina.<br \/>\nDa\u00a0<a class=\"matchTooltip\">oggi\u00a0<\/a>sino a gioved\u00ec 7, \u00e8 vietata la sosta in via Santa Cecilia, tra piazza Trombetta e la via Cesare Battisti; sempre da\u00a0<a class=\"matchTooltip\">oggi<\/a>\u00a0sino a luned\u00ec 18, il divieto di sosta viger\u00e0 sul lato sud della via Santa Cecilia, di fronte all\u2019area di parcheggio della Polizia di Stato per una lunghezza di 30 metri; da mercoled\u00ec 6 a mercoled\u00ec 13, su entrambi i lati della via Santa Cecilia, tra la via C. Battisti ed il viale San Martino.<br \/>\nDa marted\u00ec 12 a luned\u00ec 18, la sosta sar\u00e0 interdetta sempre su entrambi i lati della via Santa Cecilia, nel tratto compreso tra il viale San Martino, la via La Farina e l\u2019area antistante la sede Enel distribuzione Spa.<div id=\"div-gpt-ad-Messinaoggi.it-DSK-300x250-corpoart\" style=\"text-align:center;margin:0 auto;\"><\/div><\/p>\n<div id=\"videoincontent\" style=\"clear:both\";><\/div>","protected":false},"excerpt":{"rendered":"<p>Per consentire interventi urgenti sulle alberature in citt\u00e0 e nei villaggi, il dipartimento Mobilit\u00e0 Urbana ha disposto sino a luned\u00ec 18 limitazioni alla sosta nella fascia oraria 6 &#8211; 17.30, in via Santa Cecilia, nel tratto compreso tra piazza Trombetta e via La Farina. Da\u00a0oggi\u00a0sino a gioved\u00ec 7, \u00e8 vietata la sosta in via Santa [&hellip;]<\/p>\n","protected":false},"author":15,"featured_media":1525,"comment_status":"closed","ping_status":"open","sticky":false,"template":"","format":"standard","meta":{"ub_ctt_via":"","_mi_skip_tracking":false},"categories":[5],"tags":[],"featured_image_src":"https:\/\/www.messinaoggi.it\/website\/wp-content\/uploads\/2017\/06\/Maltempo-schianto-alberi-2.jpg","author_info":{"display_name":"red.me","author_link":"https:\/\/www.messinaoggi.it\/website\/author\/red-me\/"},"digistream_id":0,"digistream":false,"_links":{"self":[{"href":"https:\/\/www.messinaoggi.it\/website\/wp-json\/wp\/v2\/posts\/30110"}],"collection":[{"href":"https:\/\/www.messinaoggi.it\/website\/wp-json\/wp\/v2\/posts"}],"about":[{"href":"https:\/\/www.messinaoggi.it\/website\/wp-json\/wp\/v2\/types\/post"}],"author":[{"embeddable":true,"href":"https:\/\/www.messinaoggi.it\/website\/wp-json\/wp\/v2\/users\/15"}],"replies":[{"embeddable":true,"href":"https:\/\/www.messinaoggi.it\/website\/wp-json\/wp\/v2\/comments?post=30110"}],"version-history":[{"count":0,"href":"https:\/\/www.messinaoggi.it\/website\/wp-json\/wp\/v2\/posts\/30110\/revisions"}],"wp:featuredmedia":[{"embeddable":true,"href":"https:\/\/www.messinaoggi.it\/website\/wp-json\/wp\/v2\/media\/1525"}],"wp:attachment":[{"href":"https:\/\/www.messinaoggi.it\/website\/wp-json\/wp\/v2\/media?parent=30110"}],"wp:term":[{"taxonomy":"category","embeddable":true,"href":"https:\/\/www.messinaoggi.it\/website\/wp-json\/wp\/v2\/categories?post=30110"},{"taxonomy":"post_tag","embeddable":true,"href":"https:\/\/www.messinaoggi.it\/website\/wp-json\/wp\/v2\/tags?post=30110"}],"curies":[{"name":"wp","href":"https:\/\/api.w.org\/{rel}","templated":true}]}}