{"id":30076,"date":"2019-03-04T10:25:19","date_gmt":"2019-03-04T09:25:19","guid":{"rendered":"http:\/\/www.messinaoggi.it\/website\/?p=30076"},"modified":"2019-03-04T10:25:19","modified_gmt":"2019-03-04T09:25:19","slug":"rilancio-servizi-sociali-csa-chiede-proroga-del-pon-inclusione","status":"publish","type":"post","link":"https:\/\/www.messinaoggi.it\/website\/2019\/03\/04\/rilancio-servizi-sociali-csa-chiede-proroga-del-pon-inclusione\/","title":{"rendered":"Rilancio servizi sociali, Csa chiede proroga del Pon Inclusione"},"content":{"rendered":"<p lang=\"it-IT\" align=\"JUSTIFY\"><span style=\"color: #000000\">\u201c<span style=\"font-family: Arial, sans-serif\"><span style=\"font-size: medium\"><i>Adesso \u00e8 necessario il massimo impegno per garantire gi\u00e0 da subito un livello di qualit\u00e0 dei servizi adeguato alle risorse e soprattutto alle aspettative di una fascia di utenza che merita la massima attenzione<\/i>\u201d. \u00c8 quanto ha affermato il segretario provinciale del Csa, <strong>Santino Paladino<\/strong>, con riferimento alla \u201cMessina Social City\u201d, la nuova partecipata che si occuper\u00e0 di servizi sociali a Messina e che preveder\u00e0 la stabilizzazione a tempo indeterminato di 540 persone impiegate precedentemente nel sistema delle cooperative.\u00a0<\/span><\/span><\/span><div id=\"div-gpt-ad-Messinaoggi.it-DSK-300x250-corpoart\" style=\"text-align:center;margin:0 auto;\"><\/div><\/p>\n<p lang=\"it-IT\" align=\"JUSTIFY\"><span style=\"color: #000000\">\u201c<span style=\"font-family: Arial, sans-serif\"><span style=\"font-size: medium\"><em>E nell\u2019ottica di un significativo cambio di passo nel settore<\/em> &#8211; prosegue Paladino &#8211; <em>siamo intervenuti\u00a0presso il competente Ministero delle Politiche Sociali per sollecitare l\u2019adozione del provvedimento di proroga dei termini di realizzazione dei Progetti Pon Inclusione, attraverso i quali il comune di Messina sta operando, attraverso figure altamente qualificate, nell\u2019ambito del Sia (Sostegno all\u2019inclusione attiva), del Rei (Reddito d\u2019inclusione) e di tutti gli interventi previsti dal \u201cPiano nazionale di contrasto alla povert\u00e0\u201d, in un territorio ed in una realt\u00e0 sociale che vede una parte significativa della popolazione vivere in condizioni molto vicine al degrado economico e sociale<\/em>&#8220;.<\/span><\/span><\/span><div id=\"videoincontent\" style=\"clear:both\";><\/div><\/p>\n<p lang=\"it-IT\" align=\"JUSTIFY\"><span style=\"color: #000000\"><span style=\"font-family: Arial, sans-serif\"><span style=\"font-size: medium\">&#8220;<em>Crediamo a questo punto urgente mettere in campo ogni forza utile per sfruttare la proroga richiesta rimodulando i progetti in atto e far si, integrando gli stessi con le attivit\u00e0 della \u201cMessina social city\u201d, di conseguire importanti risultati nella lotta all\u2019emarginazione e degli interventi in favore dei soggetti svantaggiati<\/em>\u201d.<\/span><\/span><\/span><\/p>\n","protected":false},"excerpt":{"rendered":"<p>\u201cAdesso \u00e8 necessario il massimo impegno per garantire gi\u00e0 da subito un livello di qualit\u00e0 dei servizi adeguato alle risorse e soprattutto alle aspettative di una fascia di utenza che merita la massima attenzione\u201d. \u00c8 quanto ha affermato il segretario provinciale del Csa, Santino Paladino, con riferimento alla \u201cMessina Social City\u201d, la nuova partecipata che [&hellip;]<\/p>\n","protected":false},"author":8,"featured_media":30088,"comment_status":"closed","ping_status":"open","sticky":false,"template":"","format":"standard","meta":{"ub_ctt_via":"","_mi_skip_tracking":false},"categories":[4],"tags":[],"featured_image_src":"https:\/\/www.messinaoggi.it\/website\/wp-content\/uploads\/2019\/03\/Santino-Paladino.jpg","author_info":{"display_name":"red..me","author_link":"https:\/\/www.messinaoggi.it\/website\/author\/redstage\/"},"digistream_id":0,"digistream":false,"_links":{"self":[{"href":"https:\/\/www.messinaoggi.it\/website\/wp-json\/wp\/v2\/posts\/30076"}],"collection":[{"href":"https:\/\/www.messinaoggi.it\/website\/wp-json\/wp\/v2\/posts"}],"about":[{"href":"https:\/\/www.messinaoggi.it\/website\/wp-json\/wp\/v2\/types\/post"}],"author":[{"embeddable":true,"href":"https:\/\/www.messinaoggi.it\/website\/wp-json\/wp\/v2\/users\/8"}],"replies":[{"embeddable":true,"href":"https:\/\/www.messinaoggi.it\/website\/wp-json\/wp\/v2\/comments?post=30076"}],"version-history":[{"count":0,"href":"https:\/\/www.messinaoggi.it\/website\/wp-json\/wp\/v2\/posts\/30076\/revisions"}],"wp:featuredmedia":[{"embeddable":true,"href":"https:\/\/www.messinaoggi.it\/website\/wp-json\/wp\/v2\/media\/30088"}],"wp:attachment":[{"href":"https:\/\/www.messinaoggi.it\/website\/wp-json\/wp\/v2\/media?parent=30076"}],"wp:term":[{"taxonomy":"category","embeddable":true,"href":"https:\/\/www.messinaoggi.it\/website\/wp-json\/wp\/v2\/categories?post=30076"},{"taxonomy":"post_tag","embeddable":true,"href":"https:\/\/www.messinaoggi.it\/website\/wp-json\/wp\/v2\/tags?post=30076"}],"curies":[{"name":"wp","href":"https:\/\/api.w.org\/{rel}","templated":true}]}}